{"id":1908,"count":1,"description":"","link":"https:\/\/blogdoedvaldomagalhaes.com.br\/index.php\/tag\/terceiro-homicidio-neste-domingo-em-caruaru-ex-presidiario-morto-a-facadas-encontrado-dentro-de-acude\/","name":"Terceiro homic\u00eddio neste domingo em Caruaru: Ex-presidi\u00e1rio morto a facadas encontrado dentro de a\u00e7ude","slug":"terceiro-homicidio-neste-domingo-em-caruaru-ex-presidiario-morto-a-facadas-encontrado-dentro-de-acude","taxonomy":"post_tag","meta":[],"_links":{"self":[{"href":"https:\/\/blogdoedvaldomagalhaes.com.br\/index.php\/wp-json\/wp\/v2\/tags\/1908","targetHints":{"allow":["GET"]}}],"collection":[{"href":"https:\/\/blogdoedvaldomagalhaes.com.br\/index.php\/wp-json\/wp\/v2\/tags"}],"about":[{"href":"https:\/\/blogdoedvaldomagalhaes.com.br\/index.php\/wp-json\/wp\/v2\/taxonomies\/post_tag"}],"wp:post_type":[{"href":"https:\/\/blogdoedvaldomagalhaes.com.br\/index.php\/wp-json\/wp\/v2\/posts?tags=1908"}],"curies":[{"name":"wp","href":"https:\/\/api.w.org\/{rel}","templated":true}]}}