{"id":19022,"count":1,"description":"","link":"https:\/\/blogdoedvaldomagalhaes.com.br\/index.php\/tag\/mais-de-700-mil-pessoas-alcancadas-nos-ultimos-4-meses-nas-barreiras-sanitarias-de-caruaru\/","name":"Mais de 700 mil pessoas alcan\u00e7adas nos \u00faltimos 4 meses nas barreiras sanit\u00e1rias de Caruaru","slug":"mais-de-700-mil-pessoas-alcancadas-nos-ultimos-4-meses-nas-barreiras-sanitarias-de-caruaru","taxonomy":"post_tag","meta":[],"_links":{"self":[{"href":"https:\/\/blogdoedvaldomagalhaes.com.br\/index.php\/wp-json\/wp\/v2\/tags\/19022","targetHints":{"allow":["GET"]}}],"collection":[{"href":"https:\/\/blogdoedvaldomagalhaes.com.br\/index.php\/wp-json\/wp\/v2\/tags"}],"about":[{"href":"https:\/\/blogdoedvaldomagalhaes.com.br\/index.php\/wp-json\/wp\/v2\/taxonomies\/post_tag"}],"wp:post_type":[{"href":"https:\/\/blogdoedvaldomagalhaes.com.br\/index.php\/wp-json\/wp\/v2\/posts?tags=19022"}],"curies":[{"name":"wp","href":"https:\/\/api.w.org\/{rel}","templated":true}]}}