{"id":1902,"count":1,"description":"","link":"https:\/\/blogdoedvaldomagalhaes.com.br\/index.php\/tag\/colisao-entre-dois-carros-motorista-morre-e-ex-prefeita-de-vertente-do-lerio-esta-hospitalizada\/","name":"Colis\u00e3o entre dois carros: Motorista morre e ex-prefeita de Vertente do L\u00e9rio est\u00e1 hospitalizada","slug":"colisao-entre-dois-carros-motorista-morre-e-ex-prefeita-de-vertente-do-lerio-esta-hospitalizada","taxonomy":"post_tag","meta":[],"_links":{"self":[{"href":"https:\/\/blogdoedvaldomagalhaes.com.br\/index.php\/wp-json\/wp\/v2\/tags\/1902","targetHints":{"allow":["GET"]}}],"collection":[{"href":"https:\/\/blogdoedvaldomagalhaes.com.br\/index.php\/wp-json\/wp\/v2\/tags"}],"about":[{"href":"https:\/\/blogdoedvaldomagalhaes.com.br\/index.php\/wp-json\/wp\/v2\/taxonomies\/post_tag"}],"wp:post_type":[{"href":"https:\/\/blogdoedvaldomagalhaes.com.br\/index.php\/wp-json\/wp\/v2\/posts?tags=1902"}],"curies":[{"name":"wp","href":"https:\/\/api.w.org\/{rel}","templated":true}]}}