{"id":19005,"count":1,"description":"","link":"https:\/\/blogdoedvaldomagalhaes.com.br\/index.php\/tag\/tony-gel-diz-que-e-melhor-abrir-a-feira-da-sulanca-com-orientacoes-do-que-continuar-no-faz-de-conta\/","name":"Tony Gel diz que \u00e9 melhor abrir a Feira da Sulanca com orienta\u00e7\u00f5es do que continuar no faz de conta","slug":"tony-gel-diz-que-e-melhor-abrir-a-feira-da-sulanca-com-orientacoes-do-que-continuar-no-faz-de-conta","taxonomy":"post_tag","meta":[],"_links":{"self":[{"href":"https:\/\/blogdoedvaldomagalhaes.com.br\/index.php\/wp-json\/wp\/v2\/tags\/19005","targetHints":{"allow":["GET"]}}],"collection":[{"href":"https:\/\/blogdoedvaldomagalhaes.com.br\/index.php\/wp-json\/wp\/v2\/tags"}],"about":[{"href":"https:\/\/blogdoedvaldomagalhaes.com.br\/index.php\/wp-json\/wp\/v2\/taxonomies\/post_tag"}],"wp:post_type":[{"href":"https:\/\/blogdoedvaldomagalhaes.com.br\/index.php\/wp-json\/wp\/v2\/posts?tags=19005"}],"curies":[{"name":"wp","href":"https:\/\/api.w.org\/{rel}","templated":true}]}}