{"id":18997,"count":1,"description":"","link":"https:\/\/blogdoedvaldomagalhaes.com.br\/index.php\/tag\/comercio-tera-atendimento-dobrado-e-shoppings-centers-terao-ampliacao-no-horario-de-funcionamento\/","name":"Com\u00e9rcio ter\u00e1 atendimento dobrado e shoppings centers ter\u00e3o amplia\u00e7\u00e3o no hor\u00e1rio de funcionamento","slug":"comercio-tera-atendimento-dobrado-e-shoppings-centers-terao-ampliacao-no-horario-de-funcionamento","taxonomy":"post_tag","meta":[],"_links":{"self":[{"href":"https:\/\/blogdoedvaldomagalhaes.com.br\/index.php\/wp-json\/wp\/v2\/tags\/18997","targetHints":{"allow":["GET"]}}],"collection":[{"href":"https:\/\/blogdoedvaldomagalhaes.com.br\/index.php\/wp-json\/wp\/v2\/tags"}],"about":[{"href":"https:\/\/blogdoedvaldomagalhaes.com.br\/index.php\/wp-json\/wp\/v2\/taxonomies\/post_tag"}],"wp:post_type":[{"href":"https:\/\/blogdoedvaldomagalhaes.com.br\/index.php\/wp-json\/wp\/v2\/posts?tags=18997"}],"curies":[{"name":"wp","href":"https:\/\/api.w.org\/{rel}","templated":true}]}}