{"id":17840,"count":1,"description":"","link":"https:\/\/blogdoedvaldomagalhaes.com.br\/index.php\/tag\/grades-de-isolamento-nas-pracas-de-caruaru-sao-colocadas-para-evitar-circulacao-de-pessoas\/","name":"Grades de isolamento nas pra\u00e7as de Caruaru s\u00e3o colocadas para evitar circula\u00e7\u00e3o de pessoas","slug":"grades-de-isolamento-nas-pracas-de-caruaru-sao-colocadas-para-evitar-circulacao-de-pessoas","taxonomy":"post_tag","meta":[],"_links":{"self":[{"href":"https:\/\/blogdoedvaldomagalhaes.com.br\/index.php\/wp-json\/wp\/v2\/tags\/17840","targetHints":{"allow":["GET"]}}],"collection":[{"href":"https:\/\/blogdoedvaldomagalhaes.com.br\/index.php\/wp-json\/wp\/v2\/tags"}],"about":[{"href":"https:\/\/blogdoedvaldomagalhaes.com.br\/index.php\/wp-json\/wp\/v2\/taxonomies\/post_tag"}],"wp:post_type":[{"href":"https:\/\/blogdoedvaldomagalhaes.com.br\/index.php\/wp-json\/wp\/v2\/posts?tags=17840"}],"curies":[{"name":"wp","href":"https:\/\/api.w.org\/{rel}","templated":true}]}}