{"id":17832,"count":1,"description":"","link":"https:\/\/blogdoedvaldomagalhaes.com.br\/index.php\/tag\/comissao-da-alepe-aprova-projeto-que-amplia-inclusao-de-populacao-em-situacao-de-rua-no-mercado-de-trabalho\/","name":"Comiss\u00e3o da Alepe aprova projeto que amplia inclus\u00e3o de popula\u00e7\u00e3o em situa\u00e7\u00e3o de rua no mercado de trabalho","slug":"comissao-da-alepe-aprova-projeto-que-amplia-inclusao-de-populacao-em-situacao-de-rua-no-mercado-de-trabalho","taxonomy":"post_tag","meta":[],"_links":{"self":[{"href":"https:\/\/blogdoedvaldomagalhaes.com.br\/index.php\/wp-json\/wp\/v2\/tags\/17832","targetHints":{"allow":["GET"]}}],"collection":[{"href":"https:\/\/blogdoedvaldomagalhaes.com.br\/index.php\/wp-json\/wp\/v2\/tags"}],"about":[{"href":"https:\/\/blogdoedvaldomagalhaes.com.br\/index.php\/wp-json\/wp\/v2\/taxonomies\/post_tag"}],"wp:post_type":[{"href":"https:\/\/blogdoedvaldomagalhaes.com.br\/index.php\/wp-json\/wp\/v2\/posts?tags=17832"}],"curies":[{"name":"wp","href":"https:\/\/api.w.org\/{rel}","templated":true}]}}