{"id":17757,"count":1,"description":"","link":"https:\/\/blogdoedvaldomagalhaes.com.br\/index.php\/tag\/primeiro-paciente-em-internacao-que-testou-positivo-para-a-covid-19-no-hospital-santa-efigenia-em-caruaru\/","name":"Primeiro paciente em interna\u00e7\u00e3o que testou positivo para a COVID-19 no Hospital Santa Efig\u00eania em Caruaru","slug":"primeiro-paciente-em-internacao-que-testou-positivo-para-a-covid-19-no-hospital-santa-efigenia-em-caruaru","taxonomy":"post_tag","meta":[],"_links":{"self":[{"href":"https:\/\/blogdoedvaldomagalhaes.com.br\/index.php\/wp-json\/wp\/v2\/tags\/17757","targetHints":{"allow":["GET"]}}],"collection":[{"href":"https:\/\/blogdoedvaldomagalhaes.com.br\/index.php\/wp-json\/wp\/v2\/tags"}],"about":[{"href":"https:\/\/blogdoedvaldomagalhaes.com.br\/index.php\/wp-json\/wp\/v2\/taxonomies\/post_tag"}],"wp:post_type":[{"href":"https:\/\/blogdoedvaldomagalhaes.com.br\/index.php\/wp-json\/wp\/v2\/posts?tags=17757"}],"curies":[{"name":"wp","href":"https:\/\/api.w.org\/{rel}","templated":true}]}}