{"id":17750,"count":1,"description":"","link":"https:\/\/blogdoedvaldomagalhaes.com.br\/index.php\/tag\/governo-pe-prorroga-a-proibicao-de-acesso-a-praias-e-parques-calcadoes-tambem-proibidos\/","name":"Governo-PE prorroga a proibi\u00e7\u00e3o de acesso a praias e parques; Cal\u00e7ad\u00f5es tamb\u00e9m proibidos","slug":"governo-pe-prorroga-a-proibicao-de-acesso-a-praias-e-parques-calcadoes-tambem-proibidos","taxonomy":"post_tag","meta":[],"_links":{"self":[{"href":"https:\/\/blogdoedvaldomagalhaes.com.br\/index.php\/wp-json\/wp\/v2\/tags\/17750","targetHints":{"allow":["GET"]}}],"collection":[{"href":"https:\/\/blogdoedvaldomagalhaes.com.br\/index.php\/wp-json\/wp\/v2\/tags"}],"about":[{"href":"https:\/\/blogdoedvaldomagalhaes.com.br\/index.php\/wp-json\/wp\/v2\/taxonomies\/post_tag"}],"wp:post_type":[{"href":"https:\/\/blogdoedvaldomagalhaes.com.br\/index.php\/wp-json\/wp\/v2\/posts?tags=17750"}],"curies":[{"name":"wp","href":"https:\/\/api.w.org\/{rel}","templated":true}]}}