{"id":17748,"count":1,"description":"","link":"https:\/\/blogdoedvaldomagalhaes.com.br\/index.php\/tag\/banco-de-alimentos-do-sesc-arrecada-doacoes-para-reduzir-impactos-da-pandemia-do-coronavirus\/","name":"Banco de Alimentos do Sesc arrecada doa\u00e7\u00f5es para reduzir impactos da pandemia do coronav\u00edrus","slug":"banco-de-alimentos-do-sesc-arrecada-doacoes-para-reduzir-impactos-da-pandemia-do-coronavirus","taxonomy":"post_tag","meta":[],"_links":{"self":[{"href":"https:\/\/blogdoedvaldomagalhaes.com.br\/index.php\/wp-json\/wp\/v2\/tags\/17748","targetHints":{"allow":["GET"]}}],"collection":[{"href":"https:\/\/blogdoedvaldomagalhaes.com.br\/index.php\/wp-json\/wp\/v2\/tags"}],"about":[{"href":"https:\/\/blogdoedvaldomagalhaes.com.br\/index.php\/wp-json\/wp\/v2\/taxonomies\/post_tag"}],"wp:post_type":[{"href":"https:\/\/blogdoedvaldomagalhaes.com.br\/index.php\/wp-json\/wp\/v2\/posts?tags=17748"}],"curies":[{"name":"wp","href":"https:\/\/api.w.org\/{rel}","templated":true}]}}