{"id":17743,"count":1,"description":"","link":"https:\/\/blogdoedvaldomagalhaes.com.br\/index.php\/tag\/grupo-de-fiscalizacao-integrada-covid-19-conduz-dono-de-loja-para-dp-por-ameaca-e-desacato-em-caruaru\/","name":"Grupo de Fiscaliza\u00e7\u00e3o Integrada Covid-19 conduz dono de loja para DP por amea\u00e7a e desacato em Caruaru","slug":"grupo-de-fiscalizacao-integrada-covid-19-conduz-dono-de-loja-para-dp-por-ameaca-e-desacato-em-caruaru","taxonomy":"post_tag","meta":[],"_links":{"self":[{"href":"https:\/\/blogdoedvaldomagalhaes.com.br\/index.php\/wp-json\/wp\/v2\/tags\/17743","targetHints":{"allow":["GET"]}}],"collection":[{"href":"https:\/\/blogdoedvaldomagalhaes.com.br\/index.php\/wp-json\/wp\/v2\/tags"}],"about":[{"href":"https:\/\/blogdoedvaldomagalhaes.com.br\/index.php\/wp-json\/wp\/v2\/taxonomies\/post_tag"}],"wp:post_type":[{"href":"https:\/\/blogdoedvaldomagalhaes.com.br\/index.php\/wp-json\/wp\/v2\/posts?tags=17743"}],"curies":[{"name":"wp","href":"https:\/\/api.w.org\/{rel}","templated":true}]}}