{"id":17730,"count":1,"description":"","link":"https:\/\/blogdoedvaldomagalhaes.com.br\/index.php\/tag\/solidariedade-e-mais-um-partido-a-declarar-apoio-a-pre-candidatura-de-raffie-dellon\/","name":"Solidariedade \u00e9 mais um partido a declarar\u00a0apoio \u00e0 Pr\u00e9-candidatura de Raffi\u00ea Dellon","slug":"solidariedade-e-mais-um-partido-a-declarar-apoio-a-pre-candidatura-de-raffie-dellon","taxonomy":"post_tag","meta":[],"_links":{"self":[{"href":"https:\/\/blogdoedvaldomagalhaes.com.br\/index.php\/wp-json\/wp\/v2\/tags\/17730","targetHints":{"allow":["GET"]}}],"collection":[{"href":"https:\/\/blogdoedvaldomagalhaes.com.br\/index.php\/wp-json\/wp\/v2\/tags"}],"about":[{"href":"https:\/\/blogdoedvaldomagalhaes.com.br\/index.php\/wp-json\/wp\/v2\/taxonomies\/post_tag"}],"wp:post_type":[{"href":"https:\/\/blogdoedvaldomagalhaes.com.br\/index.php\/wp-json\/wp\/v2\/posts?tags=17730"}],"curies":[{"name":"wp","href":"https:\/\/api.w.org\/{rel}","templated":true}]}}