{"id":17482,"count":1,"description":"","link":"https:\/\/blogdoedvaldomagalhaes.com.br\/index.php\/tag\/comite-permanente-municipal-juntos-pela-seguranca-comemora-a-reducao-dos-indices-de-violencia-no-centro-de-caruaru\/","name":"Comit\u00ea Permanente Municipal Juntos Pela Seguran\u00e7a comemora a redu\u00e7\u00e3o dos \u00edndices de viol\u00eancia no centro de Caruaru","slug":"comite-permanente-municipal-juntos-pela-seguranca-comemora-a-reducao-dos-indices-de-violencia-no-centro-de-caruaru","taxonomy":"post_tag","meta":[],"_links":{"self":[{"href":"https:\/\/blogdoedvaldomagalhaes.com.br\/index.php\/wp-json\/wp\/v2\/tags\/17482","targetHints":{"allow":["GET"]}}],"collection":[{"href":"https:\/\/blogdoedvaldomagalhaes.com.br\/index.php\/wp-json\/wp\/v2\/tags"}],"about":[{"href":"https:\/\/blogdoedvaldomagalhaes.com.br\/index.php\/wp-json\/wp\/v2\/taxonomies\/post_tag"}],"wp:post_type":[{"href":"https:\/\/blogdoedvaldomagalhaes.com.br\/index.php\/wp-json\/wp\/v2\/posts?tags=17482"}],"curies":[{"name":"wp","href":"https:\/\/api.w.org\/{rel}","templated":true}]}}