{"id":17377,"count":1,"description":"","link":"https:\/\/blogdoedvaldomagalhaes.com.br\/index.php\/tag\/operacao-da-pm-prende-em-flagrante-acusado-de-trafico-e-apreende-entorpecentes-em-caruaru-e-agrestina-pe\/","name":"Opera\u00e7\u00e3o da PM prende em flagrante acusado de tr\u00e1fico e apreende entorpecentes em Caruaru e Agrestina-PE","slug":"operacao-da-pm-prende-em-flagrante-acusado-de-trafico-e-apreende-entorpecentes-em-caruaru-e-agrestina-pe","taxonomy":"post_tag","meta":[],"_links":{"self":[{"href":"https:\/\/blogdoedvaldomagalhaes.com.br\/index.php\/wp-json\/wp\/v2\/tags\/17377","targetHints":{"allow":["GET"]}}],"collection":[{"href":"https:\/\/blogdoedvaldomagalhaes.com.br\/index.php\/wp-json\/wp\/v2\/tags"}],"about":[{"href":"https:\/\/blogdoedvaldomagalhaes.com.br\/index.php\/wp-json\/wp\/v2\/taxonomies\/post_tag"}],"wp:post_type":[{"href":"https:\/\/blogdoedvaldomagalhaes.com.br\/index.php\/wp-json\/wp\/v2\/posts?tags=17377"}],"curies":[{"name":"wp","href":"https:\/\/api.w.org\/{rel}","templated":true}]}}