{"id":17090,"count":1,"description":"","link":"https:\/\/blogdoedvaldomagalhaes.com.br\/index.php\/tag\/inscricoes-abertas-para-cursos-de-capacitacao-profissional-e-oficinas-de-formacao-na-associacao-dos-moradores-do-severino-afonso\/","name":"Inscri\u00e7\u00f5es abertas para Cursos de capacita\u00e7\u00e3o profissional e Oficinas de forma\u00e7\u00e3o na Associa\u00e7\u00e3o dos Moradores do Severino Afonso","slug":"inscricoes-abertas-para-cursos-de-capacitacao-profissional-e-oficinas-de-formacao-na-associacao-dos-moradores-do-severino-afonso","taxonomy":"post_tag","meta":[],"_links":{"self":[{"href":"https:\/\/blogdoedvaldomagalhaes.com.br\/index.php\/wp-json\/wp\/v2\/tags\/17090","targetHints":{"allow":["GET"]}}],"collection":[{"href":"https:\/\/blogdoedvaldomagalhaes.com.br\/index.php\/wp-json\/wp\/v2\/tags"}],"about":[{"href":"https:\/\/blogdoedvaldomagalhaes.com.br\/index.php\/wp-json\/wp\/v2\/taxonomies\/post_tag"}],"wp:post_type":[{"href":"https:\/\/blogdoedvaldomagalhaes.com.br\/index.php\/wp-json\/wp\/v2\/posts?tags=17090"}],"curies":[{"name":"wp","href":"https:\/\/api.w.org\/{rel}","templated":true}]}}