{"id":17088,"count":1,"description":"","link":"https:\/\/blogdoedvaldomagalhaes.com.br\/index.php\/tag\/confira-atracoes-da-festa-de-sao-sebastiao-na-vila-de-couro-dantas-neste-sabado-18\/","name":"Confira atra\u00e7\u00f5es da Festa de S\u00e3o Sebasti\u00e3o na Vila de Couro D\u2019Antas neste s\u00e1bado (18)","slug":"confira-atracoes-da-festa-de-sao-sebastiao-na-vila-de-couro-dantas-neste-sabado-18","taxonomy":"post_tag","meta":[],"_links":{"self":[{"href":"https:\/\/blogdoedvaldomagalhaes.com.br\/index.php\/wp-json\/wp\/v2\/tags\/17088","targetHints":{"allow":["GET"]}}],"collection":[{"href":"https:\/\/blogdoedvaldomagalhaes.com.br\/index.php\/wp-json\/wp\/v2\/tags"}],"about":[{"href":"https:\/\/blogdoedvaldomagalhaes.com.br\/index.php\/wp-json\/wp\/v2\/taxonomies\/post_tag"}],"wp:post_type":[{"href":"https:\/\/blogdoedvaldomagalhaes.com.br\/index.php\/wp-json\/wp\/v2\/posts?tags=17088"}],"curies":[{"name":"wp","href":"https:\/\/api.w.org\/{rel}","templated":true}]}}