{"id":17036,"count":1,"description":"","link":"https:\/\/blogdoedvaldomagalhaes.com.br\/index.php\/tag\/operacao-verao-em-caruaru-para-prevenir-o-aparecimento-de-muricocas-e-diminuir-os-riscos-de-inundacoes-nos-meses-chuvosos\/","name":"Opera\u00e7\u00e3o Ver\u00e3o em Caruaru para prevenir o aparecimento de muri\u00e7ocas e diminuir os riscos de inunda\u00e7\u00f5es nos meses chuvosos","slug":"operacao-verao-em-caruaru-para-prevenir-o-aparecimento-de-muricocas-e-diminuir-os-riscos-de-inundacoes-nos-meses-chuvosos","taxonomy":"post_tag","meta":[],"_links":{"self":[{"href":"https:\/\/blogdoedvaldomagalhaes.com.br\/index.php\/wp-json\/wp\/v2\/tags\/17036","targetHints":{"allow":["GET"]}}],"collection":[{"href":"https:\/\/blogdoedvaldomagalhaes.com.br\/index.php\/wp-json\/wp\/v2\/tags"}],"about":[{"href":"https:\/\/blogdoedvaldomagalhaes.com.br\/index.php\/wp-json\/wp\/v2\/taxonomies\/post_tag"}],"wp:post_type":[{"href":"https:\/\/blogdoedvaldomagalhaes.com.br\/index.php\/wp-json\/wp\/v2\/posts?tags=17036"}],"curies":[{"name":"wp","href":"https:\/\/api.w.org\/{rel}","templated":true}]}}