{"id":16972,"count":1,"description":"","link":"https:\/\/blogdoedvaldomagalhaes.com.br\/index.php\/tag\/reunioes-com-segmentos-culturais-fortaleceram-acoes-da-fundacao-de-cultura-e-turismo-de-caruaru-em-2019\/","name":"Reuni\u00f5es com segmentos culturais fortaleceram a\u00e7\u00f5es da Funda\u00e7\u00e3o de Cultura e Turismo de Caruaru em 2019","slug":"reunioes-com-segmentos-culturais-fortaleceram-acoes-da-fundacao-de-cultura-e-turismo-de-caruaru-em-2019","taxonomy":"post_tag","meta":[],"_links":{"self":[{"href":"https:\/\/blogdoedvaldomagalhaes.com.br\/index.php\/wp-json\/wp\/v2\/tags\/16972","targetHints":{"allow":["GET"]}}],"collection":[{"href":"https:\/\/blogdoedvaldomagalhaes.com.br\/index.php\/wp-json\/wp\/v2\/tags"}],"about":[{"href":"https:\/\/blogdoedvaldomagalhaes.com.br\/index.php\/wp-json\/wp\/v2\/taxonomies\/post_tag"}],"wp:post_type":[{"href":"https:\/\/blogdoedvaldomagalhaes.com.br\/index.php\/wp-json\/wp\/v2\/posts?tags=16972"}],"curies":[{"name":"wp","href":"https:\/\/api.w.org\/{rel}","templated":true}]}}