{"id":16971,"count":1,"description":"","link":"https:\/\/blogdoedvaldomagalhaes.com.br\/index.php\/tag\/maratona-da-saude-e-mutiroes-para-acelerar-filas-de-espera-marcam-o-ano-da-secretaria-de-saude-de-caruaru\/","name":"Maratona da Sa\u00fade e mutir\u00f5es para acelerar filas de espera marcam o ano da Secretaria de Sa\u00fade de Caruaru","slug":"maratona-da-saude-e-mutiroes-para-acelerar-filas-de-espera-marcam-o-ano-da-secretaria-de-saude-de-caruaru","taxonomy":"post_tag","meta":[],"_links":{"self":[{"href":"https:\/\/blogdoedvaldomagalhaes.com.br\/index.php\/wp-json\/wp\/v2\/tags\/16971","targetHints":{"allow":["GET"]}}],"collection":[{"href":"https:\/\/blogdoedvaldomagalhaes.com.br\/index.php\/wp-json\/wp\/v2\/tags"}],"about":[{"href":"https:\/\/blogdoedvaldomagalhaes.com.br\/index.php\/wp-json\/wp\/v2\/taxonomies\/post_tag"}],"wp:post_type":[{"href":"https:\/\/blogdoedvaldomagalhaes.com.br\/index.php\/wp-json\/wp\/v2\/posts?tags=16971"}],"curies":[{"name":"wp","href":"https:\/\/api.w.org\/{rel}","templated":true}]}}