{"id":16956,"count":1,"description":"","link":"https:\/\/blogdoedvaldomagalhaes.com.br\/index.php\/tag\/ultimo-caruaru-em-movimento-do-ano-acontece-na-estacao-ferroviaria-neste-domingo-29\/","name":"\u00daltimo \u201cCaruaru em Movimento\u201d do ano acontece na Esta\u00e7\u00e3o Ferrovi\u00e1ria neste domingo (29)","slug":"ultimo-caruaru-em-movimento-do-ano-acontece-na-estacao-ferroviaria-neste-domingo-29","taxonomy":"post_tag","meta":[],"_links":{"self":[{"href":"https:\/\/blogdoedvaldomagalhaes.com.br\/index.php\/wp-json\/wp\/v2\/tags\/16956","targetHints":{"allow":["GET"]}}],"collection":[{"href":"https:\/\/blogdoedvaldomagalhaes.com.br\/index.php\/wp-json\/wp\/v2\/tags"}],"about":[{"href":"https:\/\/blogdoedvaldomagalhaes.com.br\/index.php\/wp-json\/wp\/v2\/taxonomies\/post_tag"}],"wp:post_type":[{"href":"https:\/\/blogdoedvaldomagalhaes.com.br\/index.php\/wp-json\/wp\/v2\/posts?tags=16956"}],"curies":[{"name":"wp","href":"https:\/\/api.w.org\/{rel}","templated":true}]}}