{"id":16887,"count":1,"description":"","link":"https:\/\/blogdoedvaldomagalhaes.com.br\/index.php\/tag\/segunda-etapa-da-requalificacao-eletrica-do-parque-18-de-maio-vai-contemplar-o-setor-da-brasilit\/","name":"Segunda etapa da requalifica\u00e7\u00e3o el\u00e9trica do Parque 18 de Maio vai contemplar o setor da Brasilit","slug":"segunda-etapa-da-requalificacao-eletrica-do-parque-18-de-maio-vai-contemplar-o-setor-da-brasilit","taxonomy":"post_tag","meta":[],"_links":{"self":[{"href":"https:\/\/blogdoedvaldomagalhaes.com.br\/index.php\/wp-json\/wp\/v2\/tags\/16887","targetHints":{"allow":["GET"]}}],"collection":[{"href":"https:\/\/blogdoedvaldomagalhaes.com.br\/index.php\/wp-json\/wp\/v2\/tags"}],"about":[{"href":"https:\/\/blogdoedvaldomagalhaes.com.br\/index.php\/wp-json\/wp\/v2\/taxonomies\/post_tag"}],"wp:post_type":[{"href":"https:\/\/blogdoedvaldomagalhaes.com.br\/index.php\/wp-json\/wp\/v2\/posts?tags=16887"}],"curies":[{"name":"wp","href":"https:\/\/api.w.org\/{rel}","templated":true}]}}