{"id":16782,"count":1,"description":"","link":"https:\/\/blogdoedvaldomagalhaes.com.br\/index.php\/tag\/procurado-por-homicidio-e-ocultacao-de-cadaver-ha-3-anos-e-detido-em-bezerros\/","name":"Procurado por homic\u00eddio e oculta\u00e7\u00e3o de cad\u00e1ver h\u00e1 3 anos \u00e9 detido em Bezerros","slug":"procurado-por-homicidio-e-ocultacao-de-cadaver-ha-3-anos-e-detido-em-bezerros","taxonomy":"post_tag","meta":[],"_links":{"self":[{"href":"https:\/\/blogdoedvaldomagalhaes.com.br\/index.php\/wp-json\/wp\/v2\/tags\/16782","targetHints":{"allow":["GET"]}}],"collection":[{"href":"https:\/\/blogdoedvaldomagalhaes.com.br\/index.php\/wp-json\/wp\/v2\/tags"}],"about":[{"href":"https:\/\/blogdoedvaldomagalhaes.com.br\/index.php\/wp-json\/wp\/v2\/taxonomies\/post_tag"}],"wp:post_type":[{"href":"https:\/\/blogdoedvaldomagalhaes.com.br\/index.php\/wp-json\/wp\/v2\/posts?tags=16782"}],"curies":[{"name":"wp","href":"https:\/\/api.w.org\/{rel}","templated":true}]}}