{"id":16765,"count":1,"description":"","link":"https:\/\/blogdoedvaldomagalhaes.com.br\/index.php\/tag\/tres-mortes-apos-colisao-entre-carro-e-caminhao-na-br-232-e-carga-e-saqueada\/","name":"Tr\u00eas mortes ap\u00f3s colis\u00e3o entre carro e caminh\u00e3o na BR-232 e carga \u00e9 saqueada","slug":"tres-mortes-apos-colisao-entre-carro-e-caminhao-na-br-232-e-carga-e-saqueada","taxonomy":"post_tag","meta":[],"_links":{"self":[{"href":"https:\/\/blogdoedvaldomagalhaes.com.br\/index.php\/wp-json\/wp\/v2\/tags\/16765","targetHints":{"allow":["GET"]}}],"collection":[{"href":"https:\/\/blogdoedvaldomagalhaes.com.br\/index.php\/wp-json\/wp\/v2\/tags"}],"about":[{"href":"https:\/\/blogdoedvaldomagalhaes.com.br\/index.php\/wp-json\/wp\/v2\/taxonomies\/post_tag"}],"wp:post_type":[{"href":"https:\/\/blogdoedvaldomagalhaes.com.br\/index.php\/wp-json\/wp\/v2\/posts?tags=16765"}],"curies":[{"name":"wp","href":"https:\/\/api.w.org\/{rel}","templated":true}]}}