{"id":1667,"count":1,"description":"","link":"https:\/\/blogdoedvaldomagalhaes.com.br\/index.php\/tag\/presidente-da-confederacao-brasileira-de-automobilismo-realiza-visita-tecnica-ao-autodromo-de-caruaru\/","name":"Presidente da Confedera\u00e7\u00e3o Brasileira de Automobilismo realiza visita t\u00e9cnica ao Aut\u00f3dromo de Caruaru","slug":"presidente-da-confederacao-brasileira-de-automobilismo-realiza-visita-tecnica-ao-autodromo-de-caruaru","taxonomy":"post_tag","meta":[],"_links":{"self":[{"href":"https:\/\/blogdoedvaldomagalhaes.com.br\/index.php\/wp-json\/wp\/v2\/tags\/1667","targetHints":{"allow":["GET"]}}],"collection":[{"href":"https:\/\/blogdoedvaldomagalhaes.com.br\/index.php\/wp-json\/wp\/v2\/tags"}],"about":[{"href":"https:\/\/blogdoedvaldomagalhaes.com.br\/index.php\/wp-json\/wp\/v2\/taxonomies\/post_tag"}],"wp:post_type":[{"href":"https:\/\/blogdoedvaldomagalhaes.com.br\/index.php\/wp-json\/wp\/v2\/posts?tags=1667"}],"curies":[{"name":"wp","href":"https:\/\/api.w.org\/{rel}","templated":true}]}}