{"id":16511,"count":1,"description":"","link":"https:\/\/blogdoedvaldomagalhaes.com.br\/index.php\/tag\/servidores-da-destra-decretam-estado-de-greve-e-denuncia-sobre-multas-de-transito-vai-parar-no-ministerio-publico\/","name":"Servidores da Destra decretam estado de greve e den\u00fancia sobre multas de tr\u00e2nsito vai parar no Minist\u00e9rio P\u00fablico","slug":"servidores-da-destra-decretam-estado-de-greve-e-denuncia-sobre-multas-de-transito-vai-parar-no-ministerio-publico","taxonomy":"post_tag","meta":[],"_links":{"self":[{"href":"https:\/\/blogdoedvaldomagalhaes.com.br\/index.php\/wp-json\/wp\/v2\/tags\/16511","targetHints":{"allow":["GET"]}}],"collection":[{"href":"https:\/\/blogdoedvaldomagalhaes.com.br\/index.php\/wp-json\/wp\/v2\/tags"}],"about":[{"href":"https:\/\/blogdoedvaldomagalhaes.com.br\/index.php\/wp-json\/wp\/v2\/taxonomies\/post_tag"}],"wp:post_type":[{"href":"https:\/\/blogdoedvaldomagalhaes.com.br\/index.php\/wp-json\/wp\/v2\/posts?tags=16511"}],"curies":[{"name":"wp","href":"https:\/\/api.w.org\/{rel}","templated":true}]}}