{"id":16473,"count":1,"description":"","link":"https:\/\/blogdoedvaldomagalhaes.com.br\/index.php\/tag\/delegado-lessa-e-reconduzido-a-presidencia-do-pp-em-caruaru-e-confirma-pre-candidatura-a-prefeito\/","name":"Delegado Lessa \u00e9 reconduzido \u00e0 presid\u00eancia do PP em Caruaru e confirma pr\u00e9-candidatura a prefeito","slug":"delegado-lessa-e-reconduzido-a-presidencia-do-pp-em-caruaru-e-confirma-pre-candidatura-a-prefeito","taxonomy":"post_tag","meta":[],"_links":{"self":[{"href":"https:\/\/blogdoedvaldomagalhaes.com.br\/index.php\/wp-json\/wp\/v2\/tags\/16473","targetHints":{"allow":["GET"]}}],"collection":[{"href":"https:\/\/blogdoedvaldomagalhaes.com.br\/index.php\/wp-json\/wp\/v2\/tags"}],"about":[{"href":"https:\/\/blogdoedvaldomagalhaes.com.br\/index.php\/wp-json\/wp\/v2\/taxonomies\/post_tag"}],"wp:post_type":[{"href":"https:\/\/blogdoedvaldomagalhaes.com.br\/index.php\/wp-json\/wp\/v2\/posts?tags=16473"}],"curies":[{"name":"wp","href":"https:\/\/api.w.org\/{rel}","templated":true}]}}