{"id":1564,"count":1,"description":"","link":"https:\/\/blogdoedvaldomagalhaes.com.br\/index.php\/tag\/perigos-do-cigarro-a-saude-serao-debatidos-no-sesc-caruaru-nesta-quarta-feira-15\/","name":"Perigos do cigarro \u00e0 sa\u00fade ser\u00e3o debatidos no Sesc Caruaru nesta quarta-feira (15)","slug":"perigos-do-cigarro-a-saude-serao-debatidos-no-sesc-caruaru-nesta-quarta-feira-15","taxonomy":"post_tag","meta":[],"_links":{"self":[{"href":"https:\/\/blogdoedvaldomagalhaes.com.br\/index.php\/wp-json\/wp\/v2\/tags\/1564","targetHints":{"allow":["GET"]}}],"collection":[{"href":"https:\/\/blogdoedvaldomagalhaes.com.br\/index.php\/wp-json\/wp\/v2\/tags"}],"about":[{"href":"https:\/\/blogdoedvaldomagalhaes.com.br\/index.php\/wp-json\/wp\/v2\/taxonomies\/post_tag"}],"wp:post_type":[{"href":"https:\/\/blogdoedvaldomagalhaes.com.br\/index.php\/wp-json\/wp\/v2\/posts?tags=1564"}],"curies":[{"name":"wp","href":"https:\/\/api.w.org\/{rel}","templated":true}]}}