{"id":14146,"count":1,"description":"","link":"https:\/\/blogdoedvaldomagalhaes.com.br\/index.php\/tag\/motorista-de-carro-que-matou-jovem-gravida-em-caruaru-e-identificado-pela-policia-e-bebe-morreu-no-hospital\/","name":"Motorista de carro que matou jovem gr\u00e1vida em Caruaru \u00e9 identificado pela pol\u00edcia e Beb\u00ea morreu no hospital","slug":"motorista-de-carro-que-matou-jovem-gravida-em-caruaru-e-identificado-pela-policia-e-bebe-morreu-no-hospital","taxonomy":"post_tag","meta":[],"_links":{"self":[{"href":"https:\/\/blogdoedvaldomagalhaes.com.br\/index.php\/wp-json\/wp\/v2\/tags\/14146","targetHints":{"allow":["GET"]}}],"collection":[{"href":"https:\/\/blogdoedvaldomagalhaes.com.br\/index.php\/wp-json\/wp\/v2\/tags"}],"about":[{"href":"https:\/\/blogdoedvaldomagalhaes.com.br\/index.php\/wp-json\/wp\/v2\/taxonomies\/post_tag"}],"wp:post_type":[{"href":"https:\/\/blogdoedvaldomagalhaes.com.br\/index.php\/wp-json\/wp\/v2\/posts?tags=14146"}],"curies":[{"name":"wp","href":"https:\/\/api.w.org\/{rel}","templated":true}]}}