{"id":1392,"count":1,"description":"","link":"https:\/\/blogdoedvaldomagalhaes.com.br\/index.php\/tag\/combustiveis-mais-caros-apos-divulgacao-de-possivel-greve-dos-caminhoneiros-e-longas-filas-nos-postos\/","name":"Combust\u00edveis mais caros ap\u00f3s divulga\u00e7\u00e3o de poss\u00edvel greve dos caminhoneiros e longas filas nos postos","slug":"combustiveis-mais-caros-apos-divulgacao-de-possivel-greve-dos-caminhoneiros-e-longas-filas-nos-postos","taxonomy":"post_tag","meta":[],"_links":{"self":[{"href":"https:\/\/blogdoedvaldomagalhaes.com.br\/index.php\/wp-json\/wp\/v2\/tags\/1392","targetHints":{"allow":["GET"]}}],"collection":[{"href":"https:\/\/blogdoedvaldomagalhaes.com.br\/index.php\/wp-json\/wp\/v2\/tags"}],"about":[{"href":"https:\/\/blogdoedvaldomagalhaes.com.br\/index.php\/wp-json\/wp\/v2\/taxonomies\/post_tag"}],"wp:post_type":[{"href":"https:\/\/blogdoedvaldomagalhaes.com.br\/index.php\/wp-json\/wp\/v2\/posts?tags=1392"}],"curies":[{"name":"wp","href":"https:\/\/api.w.org\/{rel}","templated":true}]}}