{"id":12355,"count":1,"description":"","link":"https:\/\/blogdoedvaldomagalhaes.com.br\/index.php\/tag\/os-bancarios-rejeitaram-a-proposta-da-federacao-nacional-dos-bancos-fenaban-de-reajuste-de-7\/","name":"Os banc\u00e1rios rejeitaram a proposta da Federa\u00e7\u00e3o Nacional dos Bancos (Fenaban) de reajuste de 7%","slug":"os-bancarios-rejeitaram-a-proposta-da-federacao-nacional-dos-bancos-fenaban-de-reajuste-de-7","taxonomy":"post_tag","meta":[],"_links":{"self":[{"href":"https:\/\/blogdoedvaldomagalhaes.com.br\/index.php\/wp-json\/wp\/v2\/tags\/12355","targetHints":{"allow":["GET"]}}],"collection":[{"href":"https:\/\/blogdoedvaldomagalhaes.com.br\/index.php\/wp-json\/wp\/v2\/tags"}],"about":[{"href":"https:\/\/blogdoedvaldomagalhaes.com.br\/index.php\/wp-json\/wp\/v2\/taxonomies\/post_tag"}],"wp:post_type":[{"href":"https:\/\/blogdoedvaldomagalhaes.com.br\/index.php\/wp-json\/wp\/v2\/posts?tags=12355"}],"curies":[{"name":"wp","href":"https:\/\/api.w.org\/{rel}","templated":true}]}}