{"id":1227,"count":1,"description":"","link":"https:\/\/blogdoedvaldomagalhaes.com.br\/index.php\/tag\/inocente-pai-acusado-injustamente-de-estuprar-bebe-de-3-meses-e-liberado-da-penitenciaria\/","name":"Inocente: Pai acusado injustamente de estuprar beb\u00ea de 3 meses \u00e9 liberado da penitenci\u00e1ria","slug":"inocente-pai-acusado-injustamente-de-estuprar-bebe-de-3-meses-e-liberado-da-penitenciaria","taxonomy":"post_tag","meta":[],"_links":{"self":[{"href":"https:\/\/blogdoedvaldomagalhaes.com.br\/index.php\/wp-json\/wp\/v2\/tags\/1227","targetHints":{"allow":["GET"]}}],"collection":[{"href":"https:\/\/blogdoedvaldomagalhaes.com.br\/index.php\/wp-json\/wp\/v2\/tags"}],"about":[{"href":"https:\/\/blogdoedvaldomagalhaes.com.br\/index.php\/wp-json\/wp\/v2\/taxonomies\/post_tag"}],"wp:post_type":[{"href":"https:\/\/blogdoedvaldomagalhaes.com.br\/index.php\/wp-json\/wp\/v2\/posts?tags=1227"}],"curies":[{"name":"wp","href":"https:\/\/api.w.org\/{rel}","templated":true}]}}