{"id":12147,"count":1,"description":"","link":"https:\/\/blogdoedvaldomagalhaes.com.br\/index.php\/tag\/mtst-unmp-pe-lanca-nesta-quinta-campanha-pela-funcao-social-da-cidade-e-da-propriedade\/","name":"MTST\/UNMP-PE lan\u00e7a nesta quinta Campanha pela Fun\u00e7\u00e3o Social da Cidade e da Propriedade","slug":"mtst-unmp-pe-lanca-nesta-quinta-campanha-pela-funcao-social-da-cidade-e-da-propriedade","taxonomy":"post_tag","meta":[],"_links":{"self":[{"href":"https:\/\/blogdoedvaldomagalhaes.com.br\/index.php\/wp-json\/wp\/v2\/tags\/12147","targetHints":{"allow":["GET"]}}],"collection":[{"href":"https:\/\/blogdoedvaldomagalhaes.com.br\/index.php\/wp-json\/wp\/v2\/tags"}],"about":[{"href":"https:\/\/blogdoedvaldomagalhaes.com.br\/index.php\/wp-json\/wp\/v2\/taxonomies\/post_tag"}],"wp:post_type":[{"href":"https:\/\/blogdoedvaldomagalhaes.com.br\/index.php\/wp-json\/wp\/v2\/posts?tags=12147"}],"curies":[{"name":"wp","href":"https:\/\/api.w.org\/{rel}","templated":true}]}}