{"id":1206,"count":1,"description":"","link":"https:\/\/blogdoedvaldomagalhaes.com.br\/index.php\/tag\/ii-forum-de-combate-ao-suicidio-realizado-em-caruaru-promoveu-o-dialogo-como-combate-ao-suicidio\/","name":"II F\u00f3rum de Combate ao Suic\u00eddio realizado em Caruaru promoveu o di\u00e1logo como combate ao suic\u00eddio","slug":"ii-forum-de-combate-ao-suicidio-realizado-em-caruaru-promoveu-o-dialogo-como-combate-ao-suicidio","taxonomy":"post_tag","meta":[],"_links":{"self":[{"href":"https:\/\/blogdoedvaldomagalhaes.com.br\/index.php\/wp-json\/wp\/v2\/tags\/1206","targetHints":{"allow":["GET"]}}],"collection":[{"href":"https:\/\/blogdoedvaldomagalhaes.com.br\/index.php\/wp-json\/wp\/v2\/tags"}],"about":[{"href":"https:\/\/blogdoedvaldomagalhaes.com.br\/index.php\/wp-json\/wp\/v2\/taxonomies\/post_tag"}],"wp:post_type":[{"href":"https:\/\/blogdoedvaldomagalhaes.com.br\/index.php\/wp-json\/wp\/v2\/posts?tags=1206"}],"curies":[{"name":"wp","href":"https:\/\/api.w.org\/{rel}","templated":true}]}}