{"id":11741,"count":1,"description":"","link":"https:\/\/blogdoedvaldomagalhaes.com.br\/index.php\/tag\/horario-de-verao-comeca-neste-domingo-em-algumas-regioes-do-pais\/","name":"Hor\u00e1rio de ver\u00e3o come\u00e7a neste domingo em algumas regi\u00f5es do pa\u00eds","slug":"horario-de-verao-comeca-neste-domingo-em-algumas-regioes-do-pais","taxonomy":"post_tag","meta":[],"_links":{"self":[{"href":"https:\/\/blogdoedvaldomagalhaes.com.br\/index.php\/wp-json\/wp\/v2\/tags\/11741","targetHints":{"allow":["GET"]}}],"collection":[{"href":"https:\/\/blogdoedvaldomagalhaes.com.br\/index.php\/wp-json\/wp\/v2\/tags"}],"about":[{"href":"https:\/\/blogdoedvaldomagalhaes.com.br\/index.php\/wp-json\/wp\/v2\/taxonomies\/post_tag"}],"wp:post_type":[{"href":"https:\/\/blogdoedvaldomagalhaes.com.br\/index.php\/wp-json\/wp\/v2\/posts?tags=11741"}],"curies":[{"name":"wp","href":"https:\/\/api.w.org\/{rel}","templated":true}]}}