{"id":99908,"date":"2023-08-23T12:29:39","date_gmt":"2023-08-23T15:29:39","guid":{"rendered":"https:\/\/blogdoedvaldomagalhaes.com.br\/?p=99908"},"modified":"2023-08-23T12:29:40","modified_gmt":"2023-08-23T15:29:40","slug":"quase-50kg-de-maconha-apreendidos-em-caruaru","status":"publish","type":"post","link":"https:\/\/blogdoedvaldomagalhaes.com.br\/index.php\/2023\/08\/23\/quase-50kg-de-maconha-apreendidos-em-caruaru\/","title":{"rendered":"Quase 50kg de maconha apreendidos em Caruaru"},"content":{"rendered":"<p style=\"text-align: justify;\"><span style=\"color: initial; font-size: revert;\">A quarta-feira (23\/08) amanheceu com uma grande apreens\u00e3o de drogas em Caruaru. Policiais militares do 1\u00ba BIEsp retiraram de circula\u00e7\u00e3o 49kg de maconha, na Rua Santa Rosa.<\/span><\/p>\n<p style=\"text-align: justify;\">Uma equipe de capturas do Batalh\u00e3o recebeu informa\u00e7\u00e3o de que um suspeito estaria armazenando entorpecentes em um dep\u00f3sito e, ao chegar no local, viu o envolvido entrando no estabelecimento.<\/p>\n<p style=\"text-align: justify;\">Foi feita a abordagem e encontrados no local, al\u00e9m de toda a droga, uma balan\u00e7a de precis\u00e3o, diversos materiais usados para embalar entorpecentes e R$ 522,00 em esp\u00e9cie. A ocorr\u00eancia foi encaminhada para uma Delegacia de Pol\u00edcia Civil da cidade. Foto: Divulga\u00e7\u00e3o\/PMPE.<\/p>\n<p style=\"text-align: justify;\">Siga o Instagram do Blog para comentar @blogdoedvaldomagalhaes<\/p>\n<p style=\"text-align: justify;\">Se inscreva no canal do Blog no You Tube<\/p>\n","protected":false},"excerpt":{"rendered":"<p>A quarta-feira (23\/08) amanheceu com uma grande apreens\u00e3o de drogas em Caruaru. Policiais militares do 1\u00ba BIEsp retiraram de circula\u00e7\u00e3o&hellip;<\/p>\n","protected":false},"author":1,"featured_media":99909,"comment_status":"closed","ping_status":"open","sticky":false,"template":"","format":"standard","meta":{"footnotes":""},"categories":[14120],"tags":[2,19532,3406,28350],"class_list":["post-99908","post","type-post","status-publish","format-standard","has-post-thumbnail","hentry","category-noticias","tag-blog-do-edvaldo-magalhaes","tag-blog-mais-acessado-e-visualizado-de-caruaru-e-regiao","tag-caruaru","tag-quase-50kg-de-maconha-apreendidos-em-caruaru"],"_links":{"self":[{"href":"https:\/\/blogdoedvaldomagalhaes.com.br\/index.php\/wp-json\/wp\/v2\/posts\/99908","targetHints":{"allow":["GET"]}}],"collection":[{"href":"https:\/\/blogdoedvaldomagalhaes.com.br\/index.php\/wp-json\/wp\/v2\/posts"}],"about":[{"href":"https:\/\/blogdoedvaldomagalhaes.com.br\/index.php\/wp-json\/wp\/v2\/types\/post"}],"author":[{"embeddable":true,"href":"https:\/\/blogdoedvaldomagalhaes.com.br\/index.php\/wp-json\/wp\/v2\/users\/1"}],"replies":[{"embeddable":true,"href":"https:\/\/blogdoedvaldomagalhaes.com.br\/index.php\/wp-json\/wp\/v2\/comments?post=99908"}],"version-history":[{"count":1,"href":"https:\/\/blogdoedvaldomagalhaes.com.br\/index.php\/wp-json\/wp\/v2\/posts\/99908\/revisions"}],"predecessor-version":[{"id":99910,"href":"https:\/\/blogdoedvaldomagalhaes.com.br\/index.php\/wp-json\/wp\/v2\/posts\/99908\/revisions\/99910"}],"wp:featuredmedia":[{"embeddable":true,"href":"https:\/\/blogdoedvaldomagalhaes.com.br\/index.php\/wp-json\/wp\/v2\/media\/99909"}],"wp:attachment":[{"href":"https:\/\/blogdoedvaldomagalhaes.com.br\/index.php\/wp-json\/wp\/v2\/media?parent=99908"}],"wp:term":[{"taxonomy":"category","embeddable":true,"href":"https:\/\/blogdoedvaldomagalhaes.com.br\/index.php\/wp-json\/wp\/v2\/categories?post=99908"},{"taxonomy":"post_tag","embeddable":true,"href":"https:\/\/blogdoedvaldomagalhaes.com.br\/index.php\/wp-json\/wp\/v2\/tags?post=99908"}],"curies":[{"name":"wp","href":"https:\/\/api.w.org\/{rel}","templated":true}]}}