{"id":999,"date":"2018-10-15T20:04:00","date_gmt":"2018-10-15T23:04:00","guid":{"rendered":"http:\/\/blogdoedvaldomagalhaes.com.br\/index.php\/2018\/10\/15\/caruaru-realiza-mes-de-combate-sifilis\/"},"modified":"2019-02-09T02:35:09","modified_gmt":"2019-02-09T04:35:09","slug":"caruaru-realiza-mes-de-combate-sifilis","status":"publish","type":"post","link":"https:\/\/blogdoedvaldomagalhaes.com.br\/index.php\/2018\/10\/15\/caruaru-realiza-mes-de-combate-sifilis\/","title":{"rendered":"Caruaru realiza m\u00eas de combate a s\u00edfilis"},"content":{"rendered":"<div class=\"separator\" style=\"clear: both; text-align: center;\">\n<a href=\"https:\/\/3.bp.blogspot.com\/-3RGUAdGiNbo\/W8Tys58TChI\/AAAAAAAA7wk\/Y0mg1aHU7CkX2leTWFRwohb__hXjTmE5ACLcBGAs\/s1600\/IMG-20181015-WA0085.jpg\" imageanchor=\"1\" style=\"margin-left: 1em; margin-right: 1em;\"><img loading=\"lazy\" decoding=\"async\" border=\"0\" data-original-height=\"314\" data-original-width=\"448\" height=\"448\" src=\"http:\/\/blogdoedvaldomagalhaes.com.br\/wp-content\/uploads\/2018\/10\/IMG-20181015-WA0085.jpg\" width=\"640\" \/><\/a><\/div>\n<p><\/p>\n<div style=\"text-align: justify;\">\nO Dia Nacional de Combate \u00e0 S\u00edfilis \u00e9 lembrado todo terceiro s\u00e1bado do m\u00eas de outubro. Em Caruaru, a data ser\u00e1 comemorada com a\u00e7\u00f5es de preven\u00e7\u00e3o e combate \u00e0 doen\u00e7a, na pr\u00f3xima quarta-feira (17), com a realiza\u00e7\u00e3o de teste r\u00e1pido nos frequentadores e trabalhadores da Central de Abastecimento de Caruaru (Ceaca).<\/div>\n<div style=\"text-align: justify;\">\n<\/div>\n<div style=\"text-align: justify;\">\nAl\u00e9m disso, at\u00e9 o fim do m\u00eas, dentro da programa\u00e7\u00e3o do Outubro Rosa da Secretaria de Sa\u00fade de Caruaru, ser\u00e1 realizado o CTA Itinerante, com a realiza\u00e7\u00e3o de quatro tipos de testes r\u00e1pidos em oito bairros da cidade.<\/div>\n<div style=\"text-align: justify;\">\n<\/div>\n<div style=\"text-align: justify;\">\n\u201cTamb\u00e9m vamos realizar atividades educativas com orienta\u00e7\u00e3o e preven\u00e7\u00e3o das doen\u00e7as sexualmente transmiss\u00edveis,&nbsp; com foco na s\u00edfilis\u201d, explicou a gerente do Centro de Testagem e Aconselhamento (CTA), Giselda Melo.<\/div>\n<div style=\"text-align: justify;\">\n<\/div>\n<div style=\"text-align: justify;\">\nDe acordo com o \u00faltimo Boletim Epidemiol\u00f3gico da Vigil\u00e2ncia em Sa\u00fade de Caruaru, foram registrados em 2017, 149 casos de s\u00edfilis em adultos no munic\u00edpio. Este ano, at\u00e9 setembro, foram notificados 91 casos. J\u00e1 nas gestantes, foram identificados 81 casos em 2017 e 76 registros em 2018.<\/div>\n<div style=\"text-align: justify;\">\n<\/div>\n<div style=\"text-align: justify;\">\n<b>TESTAGEM<\/b> &#8211; Todas as pessoas sexualmente ativas devem realizar o teste para diagnosticar a s\u00edfilis, principalmente as gestantes no 1\u00ba trimestre da gesta\u00e7\u00e3o, pois as principais complica\u00e7\u00f5es da s\u00edfilis cong\u00eanita s\u00e3o aborto, m\u00e1 forma\u00e7\u00e3o do feto e\/ou morte ao nascer.<\/div>\n<div style=\"text-align: justify;\">\n<\/div>\n<div style=\"text-align: justify;\">\nO recomendado \u00e9 fazer o teste duas vezes durante a gravidez e repeti-lo logo antes do parto, j\u00e1 na maternidade. Quem n\u00e3o fez pr\u00e9-natal, deve realizar o teste antes do parto. A s\u00edfilis \u00e9 uma doen\u00e7a silenciosa que, na maioria das vezes, as mulheres n\u00e3o t\u00eam sintomas e s\u00f3 v\u00e3o descobrir a doen\u00e7a ap\u00f3s o exame.<\/div>\n<div style=\"text-align: justify;\">\n<\/div>\n<div style=\"text-align: justify;\">\nUma vez testadas e tratadas, \u00e9 poss\u00edvel impedir a transmiss\u00e3o da m\u00e3e para o feto do Treponema pallidum. O risco varia de acordo com o est\u00e1gio da doen\u00e7a na gestante: fase prim\u00e1ria e secund\u00e1ria \u2013 70 a 100%, fase latente ou terci\u00e1ria \u2013 30%.<\/div>\n<div style=\"text-align: justify;\">\n<\/div>\n<div style=\"text-align: justify;\">\nDe acordo com gerente do CTA, Giselda Melo, \u00e9 muito importante que o testes da s\u00edfilis seja feito tamb\u00e9m no homem, pois n\u00e3o adianta tratar a mulher e o beb\u00ea, e o homem continuar infectado. \u201cEssa medida impede novas infec\u00e7\u00f5es pela bact\u00e9ria\u201d, refor\u00e7a.<\/div>\n<div style=\"text-align: justify;\">\n<\/div>\n<div style=\"text-align: justify;\">\nO tratamento da doen\u00e7a, depende muito da fase em que \u00e9 feito o diagn\u00f3stico. Em geral utiliza-se a penicilina benzatina (benzetacil) para tratar a s\u00edfilis cong\u00eanita.<\/div>\n<div style=\"text-align: justify;\">\n<\/div>\n","protected":false},"excerpt":{"rendered":"<p>O Dia Nacional de Combate \u00e0 S\u00edfilis \u00e9 lembrado todo terceiro s\u00e1bado do m\u00eas de outubro. Em Caruaru, a data&hellip;<\/p>\n","protected":false},"author":1,"featured_media":0,"comment_status":"open","ping_status":"open","sticky":false,"template":"","format":"standard","meta":{"footnotes":""},"categories":[1],"tags":[2,945,6],"class_list":["post-999","post","type-post","status-publish","format-standard","hentry","category-sem-categoria","tag-blog-do-edvaldo-magalhaes","tag-caruaru-realiza-mes-de-combate-a-sifilis","tag-noticias"],"_links":{"self":[{"href":"https:\/\/blogdoedvaldomagalhaes.com.br\/index.php\/wp-json\/wp\/v2\/posts\/999","targetHints":{"allow":["GET"]}}],"collection":[{"href":"https:\/\/blogdoedvaldomagalhaes.com.br\/index.php\/wp-json\/wp\/v2\/posts"}],"about":[{"href":"https:\/\/blogdoedvaldomagalhaes.com.br\/index.php\/wp-json\/wp\/v2\/types\/post"}],"author":[{"embeddable":true,"href":"https:\/\/blogdoedvaldomagalhaes.com.br\/index.php\/wp-json\/wp\/v2\/users\/1"}],"replies":[{"embeddable":true,"href":"https:\/\/blogdoedvaldomagalhaes.com.br\/index.php\/wp-json\/wp\/v2\/comments?post=999"}],"version-history":[{"count":1,"href":"https:\/\/blogdoedvaldomagalhaes.com.br\/index.php\/wp-json\/wp\/v2\/posts\/999\/revisions"}],"predecessor-version":[{"id":34931,"href":"https:\/\/blogdoedvaldomagalhaes.com.br\/index.php\/wp-json\/wp\/v2\/posts\/999\/revisions\/34931"}],"wp:attachment":[{"href":"https:\/\/blogdoedvaldomagalhaes.com.br\/index.php\/wp-json\/wp\/v2\/media?parent=999"}],"wp:term":[{"taxonomy":"category","embeddable":true,"href":"https:\/\/blogdoedvaldomagalhaes.com.br\/index.php\/wp-json\/wp\/v2\/categories?post=999"},{"taxonomy":"post_tag","embeddable":true,"href":"https:\/\/blogdoedvaldomagalhaes.com.br\/index.php\/wp-json\/wp\/v2\/tags?post=999"}],"curies":[{"name":"wp","href":"https:\/\/api.w.org\/{rel}","templated":true}]}}