{"id":99307,"date":"2023-08-06T09:08:34","date_gmt":"2023-08-06T12:08:34","guid":{"rendered":"https:\/\/blogdoedvaldomagalhaes.com.br\/?p=99307"},"modified":"2023-08-06T09:08:35","modified_gmt":"2023-08-06T12:08:35","slug":"pm-prende-quatro-pessoas-com-pedras-de-crack-e-armas-brancas","status":"publish","type":"post","link":"https:\/\/blogdoedvaldomagalhaes.com.br\/index.php\/2023\/08\/06\/pm-prende-quatro-pessoas-com-pedras-de-crack-e-armas-brancas\/","title":{"rendered":"PM prende quatro pessoas com pedras de crack e armas brancas"},"content":{"rendered":"<p style=\"text-align: justify;\"><span style=\"font-size: revert;\">\u00a0 Nesse s\u00e1bado (05.08), o efetivo da GT 15111 e GT 15112 em a\u00e7\u00e3o conjunta com o NIA receberam informa\u00e7\u00e3o a respeito de um poss\u00edvel tr\u00e1fico de drogas no bairro Santo Ant\u00f4nio, em Belo Jardim, no Agreste de Pernambuco, e chegando em frente a resid\u00eancia indicada se depararam com os envolvidos, *M.M.O.S., 19 anos* e *A.N.D., 45 anos*, sendo encontrado com este *6 pedras de crack*, o qual informou ter adquirido o material entorpecente atrav\u00e9s dos envolvidos, *E.T.S., 51 anos e R.M.F., 30 anos*, que estavam na resid\u00eancia, juntamente com *R.M.L.S., 32 anos*, sendo encontrado com os mesmos *2 pedras de crack e a quantia de R$ 1.666,55* al\u00e9m de *uma muni\u00e7\u00e3o cal.50* bem como armas brancas e celulares.<\/span><\/p>\n<p style=\"text-align: justify;\"><span style=\"font-size: revert;\"> Diante dos fatos, as partes envolvidas foram apresentadas na DP de plant\u00e3o juntamente com o material apreendido, resultando em *01 TCO e IP*.<\/span><\/p>\n\n\n<p>Foto: Divulga\u00e7\u00e3o\/PMPE.<\/p>\n\n\n\n<p>Siga o Instagram do Blog @blogdoedvaldomagalhaes<\/p>\n\n\n\n<p>Se inscreva no canal do Blog no YouTube <\/p>\n","protected":false},"excerpt":{"rendered":"<p>\u00a0 Nesse s\u00e1bado (05.08), o efetivo da GT 15111 e GT 15112 em a\u00e7\u00e3o conjunta com o NIA receberam informa\u00e7\u00e3o&hellip;<\/p>\n","protected":false},"author":1,"featured_media":99308,"comment_status":"closed","ping_status":"open","sticky":false,"template":"","format":"standard","meta":{"footnotes":""},"categories":[14121],"tags":[2,19532,3406,28212],"class_list":["post-99307","post","type-post","status-publish","format-standard","has-post-thumbnail","hentry","category-policial","tag-blog-do-edvaldo-magalhaes","tag-blog-mais-acessado-e-visualizado-de-caruaru-e-regiao","tag-caruaru","tag-pm-prende-quatro-pessoas-por-trafico-de-drogas"],"_links":{"self":[{"href":"https:\/\/blogdoedvaldomagalhaes.com.br\/index.php\/wp-json\/wp\/v2\/posts\/99307","targetHints":{"allow":["GET"]}}],"collection":[{"href":"https:\/\/blogdoedvaldomagalhaes.com.br\/index.php\/wp-json\/wp\/v2\/posts"}],"about":[{"href":"https:\/\/blogdoedvaldomagalhaes.com.br\/index.php\/wp-json\/wp\/v2\/types\/post"}],"author":[{"embeddable":true,"href":"https:\/\/blogdoedvaldomagalhaes.com.br\/index.php\/wp-json\/wp\/v2\/users\/1"}],"replies":[{"embeddable":true,"href":"https:\/\/blogdoedvaldomagalhaes.com.br\/index.php\/wp-json\/wp\/v2\/comments?post=99307"}],"version-history":[{"count":1,"href":"https:\/\/blogdoedvaldomagalhaes.com.br\/index.php\/wp-json\/wp\/v2\/posts\/99307\/revisions"}],"predecessor-version":[{"id":99309,"href":"https:\/\/blogdoedvaldomagalhaes.com.br\/index.php\/wp-json\/wp\/v2\/posts\/99307\/revisions\/99309"}],"wp:featuredmedia":[{"embeddable":true,"href":"https:\/\/blogdoedvaldomagalhaes.com.br\/index.php\/wp-json\/wp\/v2\/media\/99308"}],"wp:attachment":[{"href":"https:\/\/blogdoedvaldomagalhaes.com.br\/index.php\/wp-json\/wp\/v2\/media?parent=99307"}],"wp:term":[{"taxonomy":"category","embeddable":true,"href":"https:\/\/blogdoedvaldomagalhaes.com.br\/index.php\/wp-json\/wp\/v2\/categories?post=99307"},{"taxonomy":"post_tag","embeddable":true,"href":"https:\/\/blogdoedvaldomagalhaes.com.br\/index.php\/wp-json\/wp\/v2\/tags?post=99307"}],"curies":[{"name":"wp","href":"https:\/\/api.w.org\/{rel}","templated":true}]}}