{"id":99304,"date":"2023-08-06T08:56:22","date_gmt":"2023-08-06T11:56:22","guid":{"rendered":"https:\/\/blogdoedvaldomagalhaes.com.br\/?p=99304"},"modified":"2023-08-06T08:56:22","modified_gmt":"2023-08-06T11:56:22","slug":"pm-recupera-caminhao-que-havia-sido-roubado","status":"publish","type":"post","link":"https:\/\/blogdoedvaldomagalhaes.com.br\/index.php\/2023\/08\/06\/pm-recupera-caminhao-que-havia-sido-roubado\/","title":{"rendered":"PM recupera caminh\u00e3o que havia sido roubado"},"content":{"rendered":"<p style=\"text-align: justify;\"><span style=\"font-size: revert;\">Neste domingo (06.08), por volta das 16h: 20, a equipe da Patrulha Comunit\u00e1ria Rural da 8\u00aa CIPM, foi informada\u00a0<\/span><span style=\"font-size: revert;\">pela Central de Opera\u00e7\u00f5es que ve\u00edculo caminh\u00e3o de cor vermelha, marca VW, modrlo 24.280, prancha, havia sido roubado na cidade de Pesqueira e que o propriet\u00e1rio havia informado que a \u00faltima localiza\u00e7\u00e3o fornecida seria no espa\u00e7o rural do munic\u00edpio de Pesqueira.<\/span><\/p>\n<p style=\"text-align: justify;\">De pronto deslocamento foi realizado e chegando ao local, foi verificado a veracidade da informa\u00e7\u00e3o sendo o ve\u00edculo localizado.<br \/>\nPopulares informaram que fazia pouco mais de 40 minutos que esse veiculo havia chegado, assim, foi entrado em contato com o propriet\u00e1rio, NOME PRESERVADO, propriet\u00e1rio de uma empresa de tele guincho, o qual se deslocou de arcoverde at\u00e9 o local com um motorista e a chave reserva.<br \/>\nMomentos depois os militares conseguiram contato com o motorista do caminh\u00e3o que forneceu detalhes do roubo.<br \/>\nDiante da situa\u00e7\u00e3o, as partes foram encaminhadas \u00e0 DP local para ado\u00e7\u00e3o das medidas cab\u00edveis, onde foi instaurado um inqu\u00e9rito por portaria para apurar o fato. Foto: Divulga\u00e7\u00e3o\/PMPE.<\/p>\n<p style=\"text-align: justify;\">\u00a0Siga o Instagram do Blog @blogdoedvaldomagalhaes<\/p>\n<p style=\"text-align: justify;\">Se inscreva no canal do Blog no YouTube<\/p>\n","protected":false},"excerpt":{"rendered":"<p>Neste domingo (06.08), por volta das 16h: 20, a equipe da Patrulha Comunit\u00e1ria Rural da 8\u00aa CIPM, foi informada\u00a0pela Central&hellip;<\/p>\n","protected":false},"author":1,"featured_media":99305,"comment_status":"closed","ping_status":"open","sticky":false,"template":"","format":"standard","meta":{"footnotes":""},"categories":[14121],"tags":[2,19532,28211],"class_list":["post-99304","post","type-post","status-publish","format-standard","has-post-thumbnail","hentry","category-policial","tag-blog-do-edvaldo-magalhaes","tag-blog-mais-acessado-e-visualizado-de-caruaru-e-regiao","tag-pm-recupera-caminhao-que-havia-sido-roubado"],"_links":{"self":[{"href":"https:\/\/blogdoedvaldomagalhaes.com.br\/index.php\/wp-json\/wp\/v2\/posts\/99304","targetHints":{"allow":["GET"]}}],"collection":[{"href":"https:\/\/blogdoedvaldomagalhaes.com.br\/index.php\/wp-json\/wp\/v2\/posts"}],"about":[{"href":"https:\/\/blogdoedvaldomagalhaes.com.br\/index.php\/wp-json\/wp\/v2\/types\/post"}],"author":[{"embeddable":true,"href":"https:\/\/blogdoedvaldomagalhaes.com.br\/index.php\/wp-json\/wp\/v2\/users\/1"}],"replies":[{"embeddable":true,"href":"https:\/\/blogdoedvaldomagalhaes.com.br\/index.php\/wp-json\/wp\/v2\/comments?post=99304"}],"version-history":[{"count":1,"href":"https:\/\/blogdoedvaldomagalhaes.com.br\/index.php\/wp-json\/wp\/v2\/posts\/99304\/revisions"}],"predecessor-version":[{"id":99306,"href":"https:\/\/blogdoedvaldomagalhaes.com.br\/index.php\/wp-json\/wp\/v2\/posts\/99304\/revisions\/99306"}],"wp:featuredmedia":[{"embeddable":true,"href":"https:\/\/blogdoedvaldomagalhaes.com.br\/index.php\/wp-json\/wp\/v2\/media\/99305"}],"wp:attachment":[{"href":"https:\/\/blogdoedvaldomagalhaes.com.br\/index.php\/wp-json\/wp\/v2\/media?parent=99304"}],"wp:term":[{"taxonomy":"category","embeddable":true,"href":"https:\/\/blogdoedvaldomagalhaes.com.br\/index.php\/wp-json\/wp\/v2\/categories?post=99304"},{"taxonomy":"post_tag","embeddable":true,"href":"https:\/\/blogdoedvaldomagalhaes.com.br\/index.php\/wp-json\/wp\/v2\/tags?post=99304"}],"curies":[{"name":"wp","href":"https:\/\/api.w.org\/{rel}","templated":true}]}}