{"id":991,"date":"2018-10-16T14:57:00","date_gmt":"2018-10-16T17:57:00","guid":{"rendered":"http:\/\/blogdoedvaldomagalhaes.com.br\/index.php\/2018\/10\/16\/projeto-comunidade-segura-emite\/"},"modified":"2019-02-09T02:35:14","modified_gmt":"2019-02-09T04:35:14","slug":"projeto-comunidade-segura-emite","status":"publish","type":"post","link":"https:\/\/blogdoedvaldomagalhaes.com.br\/index.php\/2018\/10\/16\/projeto-comunidade-segura-emite\/","title":{"rendered":"Projeto Comunidade Segura emite carteiras de identidade gratuitamente em Caruaru"},"content":{"rendered":"<div class=\"separator\" style=\"clear: both; text-align: center;\">\n<a href=\"https:\/\/4.bp.blogspot.com\/-JH2wTEd1oVw\/W8X7jlX_I1I\/AAAAAAAA7yQ\/dHfBstnOcrI4Jr84FhakQ__7p6e7GuABQCLcBGAs\/s1600\/IMG-20181016-WA0046.jpg\" imageanchor=\"1\" style=\"margin-left: 1em; margin-right: 1em;\"><img loading=\"lazy\" decoding=\"async\" border=\"0\" data-original-height=\"960\" data-original-width=\"1280\" height=\"480\" src=\"http:\/\/blogdoedvaldomagalhaes.com.br\/wp-content\/uploads\/2018\/10\/IMG-20181016-WA0046.jpg\" width=\"640\" \/><\/a><\/div>\n<div style=\"text-align: justify;\">\nDurante o dia de hoje (16\/10), a Escola Estadual Jesuina Pereira Rego, bairro S\u00e3o Jo\u00e3o da Esc\u00f3cia, na Capital do Forr\u00f3, est\u00e1 recebendo o projeto: \u201cComunidade Segura\u201d. Uma idealiza\u00e7\u00e3o da Ger\u00eancia de Preven\u00e7\u00e3o e Articula\u00e7\u00e3o Comunit\u00e1ria (GPAC) da Secretaria de Defesa Social de Pernambuco (SDS), nesta edi\u00e7\u00e3o, junto com a Esta\u00e7\u00e3o do Governo Presente Caruaru, realizando a primeira a\u00e7\u00e3o do projeto no interior.&nbsp;<\/div>\n<div style=\"text-align: justify;\">\n<\/div>\n<div style=\"text-align: justify;\">\nA iniciativa cidad\u00e3 vem acontecendo desde o in\u00edcio do ano com a oferta de servi\u00e7os gratuitos em comunidades vulner\u00e1veis e a oferta de palestras com tem\u00e1ticas variadas alertando os estudantes quanto aos perigos das drogas, \u00e0 preven\u00e7\u00e3o da viol\u00eancia dom\u00e9stica, ao bullying, entre outros temas. O Projeto j\u00e1 beneficiou 18 localidade da Regi\u00e3o Metropolitana do Recife e chega na Capital do Forr\u00f3 com a oferta gratuita de 150 carteiras de identidade, 100 certid\u00f5es de casamento, \u00f3bito ou nascimento e 100 cadastros de pessoa f\u00edsica (CPF), al\u00e9m das fotografias para os documentos. O objetivo \u00e9 proporcionar a gratuidade na obten\u00e7\u00e3o dos documentos a partir da segunda via, e tamb\u00e9m realizar o cadastro dos participantes no programa Alerta Celular, da SDS.<\/div>\n<div style=\"text-align: justify;\">\n<\/div>\n<div style=\"text-align: justify;\">\nPara obter a nova carteira de identidade, o cidad\u00e3o precisa comparecer a Escola Jesuina Pereira Rego,&nbsp; portando a certid\u00e3o de nascimento ou casamento (original e c\u00f3pia), comprovante de resid\u00eancia (original e c\u00f3pia) e duas fotos 3&#215;4. O atendimento est\u00e1 condicionado ao t\u00e9rmino da entrega das fichas.&nbsp;<\/div>\n<div style=\"text-align: justify;\">\n<\/div>\n<div style=\"text-align: justify;\">\nO Comunidade Segura conta com parceiros como a Pol\u00edcia Militar, o Programa Educacional de Resistencia \u00e0s Drogas (Proerd), o Corpo de Bombeiros Militar, e a Esta\u00e7\u00e3o do Governo Presente Caruaru.&nbsp;<\/p>\n<\/div>\n<div style=\"text-align: justify;\">\nO evento tamb\u00e9m contar\u00e1 com a participa\u00e7\u00e3o da Banda da Pol\u00edcia Militar e a apresenta\u00e7\u00e3o de c\u00e3es de resgate.<\/div>\n<div style=\"text-align: justify;\">\n<\/div>\n","protected":false},"excerpt":{"rendered":"<p>Durante o dia de hoje (16\/10), a Escola Estadual Jesuina Pereira Rego, bairro S\u00e3o Jo\u00e3o da Esc\u00f3cia, na Capital do&hellip;<\/p>\n","protected":false},"author":1,"featured_media":0,"comment_status":"open","ping_status":"open","sticky":false,"template":"","format":"standard","meta":{"footnotes":""},"categories":[1],"tags":[2,6,936],"class_list":["post-991","post","type-post","status-publish","format-standard","hentry","category-sem-categoria","tag-blog-do-edvaldo-magalhaes","tag-noticias","tag-projeto-comunidade-segura-emite-carteiras-de-identidade-gratuitamente-em-caruaru"],"_links":{"self":[{"href":"https:\/\/blogdoedvaldomagalhaes.com.br\/index.php\/wp-json\/wp\/v2\/posts\/991","targetHints":{"allow":["GET"]}}],"collection":[{"href":"https:\/\/blogdoedvaldomagalhaes.com.br\/index.php\/wp-json\/wp\/v2\/posts"}],"about":[{"href":"https:\/\/blogdoedvaldomagalhaes.com.br\/index.php\/wp-json\/wp\/v2\/types\/post"}],"author":[{"embeddable":true,"href":"https:\/\/blogdoedvaldomagalhaes.com.br\/index.php\/wp-json\/wp\/v2\/users\/1"}],"replies":[{"embeddable":true,"href":"https:\/\/blogdoedvaldomagalhaes.com.br\/index.php\/wp-json\/wp\/v2\/comments?post=991"}],"version-history":[{"count":1,"href":"https:\/\/blogdoedvaldomagalhaes.com.br\/index.php\/wp-json\/wp\/v2\/posts\/991\/revisions"}],"predecessor-version":[{"id":34948,"href":"https:\/\/blogdoedvaldomagalhaes.com.br\/index.php\/wp-json\/wp\/v2\/posts\/991\/revisions\/34948"}],"wp:attachment":[{"href":"https:\/\/blogdoedvaldomagalhaes.com.br\/index.php\/wp-json\/wp\/v2\/media?parent=991"}],"wp:term":[{"taxonomy":"category","embeddable":true,"href":"https:\/\/blogdoedvaldomagalhaes.com.br\/index.php\/wp-json\/wp\/v2\/categories?post=991"},{"taxonomy":"post_tag","embeddable":true,"href":"https:\/\/blogdoedvaldomagalhaes.com.br\/index.php\/wp-json\/wp\/v2\/tags?post=991"}],"curies":[{"name":"wp","href":"https:\/\/api.w.org\/{rel}","templated":true}]}}