{"id":99099,"date":"2023-07-30T12:19:21","date_gmt":"2023-07-30T15:19:21","guid":{"rendered":"https:\/\/blogdoedvaldomagalhaes.com.br\/?p=99099"},"modified":"2023-07-30T12:31:10","modified_gmt":"2023-07-30T15:31:10","slug":"homicidio-morre-no-hra-jovem-que-foi-baleado-em-caruaru","status":"publish","type":"post","link":"https:\/\/blogdoedvaldomagalhaes.com.br\/index.php\/2023\/07\/30\/homicidio-morre-no-hra-jovem-que-foi-baleado-em-caruaru\/","title":{"rendered":"Homic\u00eddio: Morre no HRA jovem que foi baleado em Caruaru"},"content":{"rendered":"<p style=\"text-align: justify;\">Morreu no Hospital Regional do Agreste (HRA), na madrugada deste domingo (30.07), o jovem Kaio Lucas Silva Diniz, 21 anos, que havia sido baleado na rua Presidente Rufino Dem\u00e9trio, por tr\u00e1s da Igreja Monte Carmelo, saiu correndo e caiu na rua da Tijuca, no bairro Salgado, nesse s\u00e1bado (29.07). O<span style=\"color: initial; font-size: revert;\"> irm\u00e3o dele, Max Michel Silva Diniz, 28 anos, tamb\u00e9m foi baleado e morreu no local no s\u00e1bado (29.07).<\/span><\/p>\n<p style=\"text-align: justify;\">Segundo informa\u00e7\u00f5es, os irm\u00e3os estavam bebendo em um bar na Rua da Tijuca, quando foram surpreendidos com a chegada de tr\u00eas indiv\u00edduos que efetuaram v\u00e1rios disparos nos dois e se evadiram em seguida.<\/p>\n<p style=\"text-align: justify;\">Este foi o 10\u00b0 homic\u00eddio no m\u00eas de julho, e o 85\u00b0 no ano de 2023, em Caruaru.<\/p>\n","protected":false},"excerpt":{"rendered":"<p>Morreu no Hospital Regional do Agreste (HRA), na madrugada deste domingo (30.07), o jovem Kaio Lucas Silva Diniz, 21 anos,&hellip;<\/p>\n","protected":false},"author":1,"featured_media":76622,"comment_status":"closed","ping_status":"open","sticky":false,"template":"","format":"standard","meta":{"footnotes":""},"categories":[14121],"tags":[2,19532,3406,14881],"class_list":["post-99099","post","type-post","status-publish","format-standard","has-post-thumbnail","hentry","category-policial","tag-blog-do-edvaldo-magalhaes","tag-blog-mais-acessado-e-visualizado-de-caruaru-e-regiao","tag-caruaru","tag-homicidio-morre-no-hra-jovem-que-foi-baleado-em-caruaru"],"_links":{"self":[{"href":"https:\/\/blogdoedvaldomagalhaes.com.br\/index.php\/wp-json\/wp\/v2\/posts\/99099","targetHints":{"allow":["GET"]}}],"collection":[{"href":"https:\/\/blogdoedvaldomagalhaes.com.br\/index.php\/wp-json\/wp\/v2\/posts"}],"about":[{"href":"https:\/\/blogdoedvaldomagalhaes.com.br\/index.php\/wp-json\/wp\/v2\/types\/post"}],"author":[{"embeddable":true,"href":"https:\/\/blogdoedvaldomagalhaes.com.br\/index.php\/wp-json\/wp\/v2\/users\/1"}],"replies":[{"embeddable":true,"href":"https:\/\/blogdoedvaldomagalhaes.com.br\/index.php\/wp-json\/wp\/v2\/comments?post=99099"}],"version-history":[{"count":2,"href":"https:\/\/blogdoedvaldomagalhaes.com.br\/index.php\/wp-json\/wp\/v2\/posts\/99099\/revisions"}],"predecessor-version":[{"id":99102,"href":"https:\/\/blogdoedvaldomagalhaes.com.br\/index.php\/wp-json\/wp\/v2\/posts\/99099\/revisions\/99102"}],"wp:featuredmedia":[{"embeddable":true,"href":"https:\/\/blogdoedvaldomagalhaes.com.br\/index.php\/wp-json\/wp\/v2\/media\/76622"}],"wp:attachment":[{"href":"https:\/\/blogdoedvaldomagalhaes.com.br\/index.php\/wp-json\/wp\/v2\/media?parent=99099"}],"wp:term":[{"taxonomy":"category","embeddable":true,"href":"https:\/\/blogdoedvaldomagalhaes.com.br\/index.php\/wp-json\/wp\/v2\/categories?post=99099"},{"taxonomy":"post_tag","embeddable":true,"href":"https:\/\/blogdoedvaldomagalhaes.com.br\/index.php\/wp-json\/wp\/v2\/tags?post=99099"}],"curies":[{"name":"wp","href":"https:\/\/api.w.org\/{rel}","templated":true}]}}