{"id":99,"date":"2019-01-28T12:10:00","date_gmt":"2019-01-28T14:10:00","guid":{"rendered":"http:\/\/blogdoedvaldomagalhaes.com.br\/index.php\/2019\/01\/28\/policia-prende-suspeitos-de-matar\/"},"modified":"2019-02-09T02:50:57","modified_gmt":"2019-02-09T04:50:57","slug":"policia-prende-suspeitos-de-matar","status":"publish","type":"post","link":"https:\/\/blogdoedvaldomagalhaes.com.br\/index.php\/2019\/01\/28\/policia-prende-suspeitos-de-matar\/","title":{"rendered":"Pol\u00edcia prende suspeitos de matar caruaruense em Bonito"},"content":{"rendered":"<div class=\"separator\" style=\"clear: both; text-align: center;\">\n<a href=\"http:\/\/blogdoedvaldomagalhaes.com.br\/wp-content\/uploads\/2019\/01\/IMG-20190128-WA0040.jpg\" imageanchor=\"1\" style=\"margin-left: 1em; margin-right: 1em;\"><img decoding=\"async\" border=\"0\" data-original-height=\"405\" data-original-width=\"780\" src=\"http:\/\/blogdoedvaldomagalhaes.com.br\/wp-content\/uploads\/2019\/01\/IMG-20190128-WA0040.jpg\" \/><\/a><\/div>\n<div style=\"text-align: justify;\">\n<\/div>\n<div style=\"text-align: justify;\">\nPMPE &#8211; DINTER 1 &#8211; 4\u00ba BPM \ud83d\udc6e \u26d4 NATUREZA: LATROC\u00cdNIO \u23e9 OCORR\u00caNCIA: M10279807 \u26a0 LOCAL DO FATO: AV Brasil, Mutir\u00e3o, Bonito\u2013 PE. \ud83d\udd51 DATA\/HORA: 27\/01\/2019, \u00e0s 15:24 horas. \ud83d\udc79 IMPUTADO 01: *F.J.S* \ud83d\udc79 IMPUTADO 02: Jose Douglas da Silva, Vulgo *Douguinha* de 21 anos. \ud83d\udc79 IMPUTADO 03: Jo\u00e3o Paulo de Oliveira Andrade 21 anos. \ud83d\udcdd RELATO DO FATO: Logo ap\u00f3s tomarmos conhecimento de um latroc\u00ednio na cidade do bonito o comandante do 2 Pelot\u00e3o de Bonito *SGT Sim\u00f5es* determinou prioridade a todo efetivo \u00e0 pris\u00e3o dos autores desse crime. De posse de informa\u00e7\u00f5es tanto com a v\u00edtima sobrevivente como atrav\u00e9s de informantes que os algozes teriam sido um menor *F.J.S* e outros dois indiv\u00edduos conhecidos como *Douguinha e Jo\u00e3o Paulo*, de posse dessas informa\u00e7\u00f5es foram realizadas dilig\u00eancias no intuito de localizar os mesmos. As equipes do dia 25\/01(Sexta) e do dia 26\/01(S\u00e1bado) colheram informa\u00e7\u00f5es e repassaram para a equipe do dia de hoje 27\/01 que deram continuidade \u00e0s buscas vindo localizar e deter o menor *F.J.S.*, no mesmo momento a equipe ROCAM escalada no extra(PJES) Rota das Cachoeiras localizaram e detiveram *Jo\u00e3o Paulo de Oliveira Andrade* de 21 anos, j\u00e1 o outro individuo conhecido por *Douguinha* Teria empreendido fuga. Os envolvidos foram conduzidos para a 3 Divis\u00e3o de Homic\u00eddios do Agreste na cidade de Caruaru para que se fosse tomada as medidas legais cab\u00edveis. ( X ) FLAGRANTE ( ) TCO ( ) BOC ( ) MANDADO DE PRIS\u00c3O ( ) FIAN\u00c7A DE R$ _____ ( ) LIBERADO ( ) OUTROS \ud83d\udec2 EQUIPE: \ud83e\udd85 ROCAM BONITO 4321 Cb Erm\u00ednio Sd Elyston Sd Assis Silva \ud83e\udd85 ROCAM EXTRA ROTA DAS CACHOEIRAS Cb Capitulino Sd M Santos Sd Dijoel APOIO NA CONDU\u00c7\u00c3O: Cb Higo Sd Emanoel Santos AG Davi<\/div>\n<div style=\"text-align: justify;\">\n<\/div>\n","protected":false},"excerpt":{"rendered":"<p>PMPE &#8211; DINTER 1 &#8211; 4\u00ba BPM \ud83d\udc6e \u26d4 NATUREZA: LATROC\u00cdNIO \u23e9 OCORR\u00caNCIA: M10279807 \u26a0 LOCAL DO FATO: AV Brasil,&hellip;<\/p>\n","protected":false},"author":1,"featured_media":0,"comment_status":"open","ping_status":"open","sticky":false,"template":"","format":"standard","meta":{"footnotes":""},"categories":[1],"tags":[2,103,13],"class_list":["post-99","post","type-post","status-publish","format-standard","hentry","category-sem-categoria","tag-blog-do-edvaldo-magalhaes","tag-policia-prende-suspeitos-de-matar-caruaruense-em-bonito","tag-policial"],"_links":{"self":[{"href":"https:\/\/blogdoedvaldomagalhaes.com.br\/index.php\/wp-json\/wp\/v2\/posts\/99","targetHints":{"allow":["GET"]}}],"collection":[{"href":"https:\/\/blogdoedvaldomagalhaes.com.br\/index.php\/wp-json\/wp\/v2\/posts"}],"about":[{"href":"https:\/\/blogdoedvaldomagalhaes.com.br\/index.php\/wp-json\/wp\/v2\/types\/post"}],"author":[{"embeddable":true,"href":"https:\/\/blogdoedvaldomagalhaes.com.br\/index.php\/wp-json\/wp\/v2\/users\/1"}],"replies":[{"embeddable":true,"href":"https:\/\/blogdoedvaldomagalhaes.com.br\/index.php\/wp-json\/wp\/v2\/comments?post=99"}],"version-history":[{"count":1,"href":"https:\/\/blogdoedvaldomagalhaes.com.br\/index.php\/wp-json\/wp\/v2\/posts\/99\/revisions"}],"predecessor-version":[{"id":37791,"href":"https:\/\/blogdoedvaldomagalhaes.com.br\/index.php\/wp-json\/wp\/v2\/posts\/99\/revisions\/37791"}],"wp:attachment":[{"href":"https:\/\/blogdoedvaldomagalhaes.com.br\/index.php\/wp-json\/wp\/v2\/media?parent=99"}],"wp:term":[{"taxonomy":"category","embeddable":true,"href":"https:\/\/blogdoedvaldomagalhaes.com.br\/index.php\/wp-json\/wp\/v2\/categories?post=99"},{"taxonomy":"post_tag","embeddable":true,"href":"https:\/\/blogdoedvaldomagalhaes.com.br\/index.php\/wp-json\/wp\/v2\/tags?post=99"}],"curies":[{"name":"wp","href":"https:\/\/api.w.org\/{rel}","templated":true}]}}