{"id":98999,"date":"2023-07-27T18:56:01","date_gmt":"2023-07-27T21:56:01","guid":{"rendered":"https:\/\/blogdoedvaldomagalhaes.com.br\/?p=98999"},"modified":"2023-07-27T18:56:03","modified_gmt":"2023-07-27T21:56:03","slug":"tres-presos-em-flagrante-com-armas-e-drogas","status":"publish","type":"post","link":"https:\/\/blogdoedvaldomagalhaes.com.br\/index.php\/2023\/07\/27\/tres-presos-em-flagrante-com-armas-e-drogas\/","title":{"rendered":"Tr\u00eas presos em flagrante com armas e drogas"},"content":{"rendered":"<p style=\"text-align: justify;\">Na tarde de quarta-feira (26), policiais militares do 23\u00b0BPM, em a\u00e7\u00e3o conjunta com a Pol\u00edcia Civil, prenderam, em Tuparetama, um homem natural de Campina Grande. Outros dois indiv\u00edduos evadiram-se do local, mas foram devidamente identificados, localizados e presos em flagrante. Durante a a\u00e7\u00e3o foram apreendidos os seguintes materiais: dois aparelhos celulares, duas espingardas cal. 12, um rev\u00f3lver cal 38, 175 papelotes de maconha, 22g de uma por\u00e7\u00e3o de maconha; uma pedra de crack de 18,5g, 30 muni\u00e7\u00f5es cal 12, 45 muni\u00e7\u00f5es cal 38, 67 pedras de crack; R$ 329 em c\u00e9dulas; um pacote de liga de enrolar dinheiro; bolsa de pinos para embalagem da coca\u00edna com aproximadamente 630 unidades; uma balan\u00e7a de precis\u00e3o; um pacote de bolsas para embalagens de drogas; um porta muni\u00e7\u00e3o; R$ 105 em moedas e um caderno de anota\u00e7\u00f5es.<\/p>\n<p style=\"text-align: justify;\">A ocorr\u00eancia foi conduzida para a DP do munic\u00edpio para ado\u00e7\u00e3o das medidas legais cab\u00edveis. Foto: Divulga\u00e7\u00e3o.<\/p>\n<p style=\"text-align: justify;\">Siga o Instagram do Blog @blogdoedvaldomagalhaes<\/p>\n<p style=\"text-align: justify;\">Se inscreva no canal do Blog no You Tube<\/p>\n","protected":false},"excerpt":{"rendered":"<p>Na tarde de quarta-feira (26), policiais militares do 23\u00b0BPM, em a\u00e7\u00e3o conjunta com a Pol\u00edcia Civil, prenderam, em Tuparetama, um&hellip;<\/p>\n","protected":false},"author":1,"featured_media":99000,"comment_status":"closed","ping_status":"open","sticky":false,"template":"","format":"standard","meta":{"footnotes":""},"categories":[14121],"tags":[2,19532,3406,28142],"class_list":["post-98999","post","type-post","status-publish","format-standard","has-post-thumbnail","hentry","category-policial","tag-blog-do-edvaldo-magalhaes","tag-blog-mais-acessado-e-visualizado-de-caruaru-e-regiao","tag-caruaru","tag-tres-presos-em-flagrante-com-armas-e-drogas"],"_links":{"self":[{"href":"https:\/\/blogdoedvaldomagalhaes.com.br\/index.php\/wp-json\/wp\/v2\/posts\/98999","targetHints":{"allow":["GET"]}}],"collection":[{"href":"https:\/\/blogdoedvaldomagalhaes.com.br\/index.php\/wp-json\/wp\/v2\/posts"}],"about":[{"href":"https:\/\/blogdoedvaldomagalhaes.com.br\/index.php\/wp-json\/wp\/v2\/types\/post"}],"author":[{"embeddable":true,"href":"https:\/\/blogdoedvaldomagalhaes.com.br\/index.php\/wp-json\/wp\/v2\/users\/1"}],"replies":[{"embeddable":true,"href":"https:\/\/blogdoedvaldomagalhaes.com.br\/index.php\/wp-json\/wp\/v2\/comments?post=98999"}],"version-history":[{"count":1,"href":"https:\/\/blogdoedvaldomagalhaes.com.br\/index.php\/wp-json\/wp\/v2\/posts\/98999\/revisions"}],"predecessor-version":[{"id":99001,"href":"https:\/\/blogdoedvaldomagalhaes.com.br\/index.php\/wp-json\/wp\/v2\/posts\/98999\/revisions\/99001"}],"wp:featuredmedia":[{"embeddable":true,"href":"https:\/\/blogdoedvaldomagalhaes.com.br\/index.php\/wp-json\/wp\/v2\/media\/99000"}],"wp:attachment":[{"href":"https:\/\/blogdoedvaldomagalhaes.com.br\/index.php\/wp-json\/wp\/v2\/media?parent=98999"}],"wp:term":[{"taxonomy":"category","embeddable":true,"href":"https:\/\/blogdoedvaldomagalhaes.com.br\/index.php\/wp-json\/wp\/v2\/categories?post=98999"},{"taxonomy":"post_tag","embeddable":true,"href":"https:\/\/blogdoedvaldomagalhaes.com.br\/index.php\/wp-json\/wp\/v2\/tags?post=98999"}],"curies":[{"name":"wp","href":"https:\/\/api.w.org\/{rel}","templated":true}]}}