{"id":98931,"date":"2023-07-25T18:53:28","date_gmt":"2023-07-25T21:53:28","guid":{"rendered":"https:\/\/blogdoedvaldomagalhaes.com.br\/?p=98931"},"modified":"2023-07-25T18:53:29","modified_gmt":"2023-07-25T21:53:29","slug":"volta-as-aulas-2-semestre-da-rede-municipal-de-ensino-de-caruaru-sera-retomado-nesta-quarta-26","status":"publish","type":"post","link":"https:\/\/blogdoedvaldomagalhaes.com.br\/index.php\/2023\/07\/25\/volta-as-aulas-2-semestre-da-rede-municipal-de-ensino-de-caruaru-sera-retomado-nesta-quarta-26\/","title":{"rendered":"Volta \u00e0s aulas: 2\u00b0 semestre da Rede Municipal de Ensino de Caruaru ser\u00e1 retomado nesta quarta (26)"},"content":{"rendered":"<p style=\"text-align: justify;\"><span style=\"color: initial; font-size: revert;\">O segundo semestre letivo da Rede Municipal de Educa\u00e7\u00e3o ser\u00e1 retomado nesta quarta-feira (26), em Caruaru, ap\u00f3s recesso, e segue at\u00e9 o dia 22 de dezembro. O calend\u00e1rio dever\u00e1 ser seguido pelos gestores dos Centros Municipais de Educa\u00e7\u00e3o Infantil (CMEI), Escolas de Tempo Integral (ETI), Escolas Regulares e Ensino de Jovens e Adultos (EJA).<\/span><\/p>\n<p style=\"text-align: justify;\">A Secretaria de Educa\u00e7\u00e3o e Esportes do munic\u00edpio (Seduc) seguir\u00e1 garantindo o calend\u00e1rio letivo das aulas, mas tamb\u00e9m contar\u00e1 com diversas atividades extracurriculares neste semestre, como os jogos escolares, FliAgreste, Festival de Arte e Cultura Estudantil (FACE), o Festival de Inven\u00e7\u00e3o e Criatividade (FIC), entre outros.<\/p>\n<p style=\"text-align: justify;\">A acolhida aos estudantes tem in\u00edcio \u00e0s 7h30 da manh\u00e3 e uma caravana da Seduc visitar\u00e1 algumas unidades para dar \u00e0s boas-vindas aos alunos. A equipe de Educa\u00e7\u00e3o no Tr\u00e2nsito da Autarquia de Mobilidade, Tr\u00e2nsito e Transporte de Caruaru (AMTTC) levar\u00e1 os arte-educadores para refor\u00e7ar a import\u00e2ncia da seguran\u00e7a no tr\u00e2nsito, respeitando as leis, a sinaliza\u00e7\u00e3o e a velocidade de cada via, com foco nas \u00e1reas escolares. Durante o encontro haver\u00e1 a apresenta\u00e7\u00e3o da esquete teatral &#8220;A revolta das placas&#8221;, que tem como objetivo fazer com que as crian\u00e7as aprendam, de forma l\u00fadica, como se fazer um tr\u00e2nsito melhor.<\/p>\n<p style=\"text-align: justify;\">\u201c\u00c9 um momento de recome\u00e7o e reencontro. Desejo um semestre letivo de muito aprendizado para todos os nossos estudantes, professores e servidores da Educa\u00e7\u00e3o. Que possamos ser cada vez mais exemplo e avan\u00e7ar fazendo o nosso melhor\u201d, disse a secret\u00e1ria de Educa\u00e7\u00e3o e Esportes de Caruaru, Aline Tib\u00farcio.<\/p>\n<p style=\"text-align: justify;\">Ao todo, Caruaru possui 114 escolas regulares, sete escolas de tempo integral e 31 CMEIs. S\u00e3o quase 50 mil alunos matriculados junto \u00e0 Rede Municipal de Ensino. Foto: Elvis \u00c9dson.<\/p>\n<p style=\"text-align: justify;\">Siga o Instagram do Blog e comente @blogdoedvaldomagalhaes<\/p>\n<p style=\"text-align: justify;\">Se inscreva no canal do Blog no You Tube<\/p>\n","protected":false},"excerpt":{"rendered":"<p>O segundo semestre letivo da Rede Municipal de Educa\u00e7\u00e3o ser\u00e1 retomado nesta quarta-feira (26), em Caruaru, ap\u00f3s recesso, e segue&hellip;<\/p>\n","protected":false},"author":1,"featured_media":98933,"comment_status":"closed","ping_status":"open","sticky":false,"template":"","format":"standard","meta":{"footnotes":""},"categories":[14120],"tags":[2,19532,3406,28123],"class_list":["post-98931","post","type-post","status-publish","format-standard","has-post-thumbnail","hentry","category-noticias","tag-blog-do-edvaldo-magalhaes","tag-blog-mais-acessado-e-visualizado-de-caruaru-e-regiao","tag-caruaru","tag-volta-as-aulas-2-semestre-da-rede-municipal-de-ensino-de-caruaru-sera-retomado-nesta-quarta-26"],"_links":{"self":[{"href":"https:\/\/blogdoedvaldomagalhaes.com.br\/index.php\/wp-json\/wp\/v2\/posts\/98931","targetHints":{"allow":["GET"]}}],"collection":[{"href":"https:\/\/blogdoedvaldomagalhaes.com.br\/index.php\/wp-json\/wp\/v2\/posts"}],"about":[{"href":"https:\/\/blogdoedvaldomagalhaes.com.br\/index.php\/wp-json\/wp\/v2\/types\/post"}],"author":[{"embeddable":true,"href":"https:\/\/blogdoedvaldomagalhaes.com.br\/index.php\/wp-json\/wp\/v2\/users\/1"}],"replies":[{"embeddable":true,"href":"https:\/\/blogdoedvaldomagalhaes.com.br\/index.php\/wp-json\/wp\/v2\/comments?post=98931"}],"version-history":[{"count":1,"href":"https:\/\/blogdoedvaldomagalhaes.com.br\/index.php\/wp-json\/wp\/v2\/posts\/98931\/revisions"}],"predecessor-version":[{"id":98934,"href":"https:\/\/blogdoedvaldomagalhaes.com.br\/index.php\/wp-json\/wp\/v2\/posts\/98931\/revisions\/98934"}],"wp:featuredmedia":[{"embeddable":true,"href":"https:\/\/blogdoedvaldomagalhaes.com.br\/index.php\/wp-json\/wp\/v2\/media\/98933"}],"wp:attachment":[{"href":"https:\/\/blogdoedvaldomagalhaes.com.br\/index.php\/wp-json\/wp\/v2\/media?parent=98931"}],"wp:term":[{"taxonomy":"category","embeddable":true,"href":"https:\/\/blogdoedvaldomagalhaes.com.br\/index.php\/wp-json\/wp\/v2\/categories?post=98931"},{"taxonomy":"post_tag","embeddable":true,"href":"https:\/\/blogdoedvaldomagalhaes.com.br\/index.php\/wp-json\/wp\/v2\/tags?post=98931"}],"curies":[{"name":"wp","href":"https:\/\/api.w.org\/{rel}","templated":true}]}}