{"id":98927,"date":"2023-07-25T10:22:02","date_gmt":"2023-07-25T13:22:02","guid":{"rendered":"https:\/\/blogdoedvaldomagalhaes.com.br\/?p=98927"},"modified":"2023-07-25T10:23:31","modified_gmt":"2023-07-25T13:23:31","slug":"semana-da-mulher-negra-latino-americana-e-caribenha-acontece-em-caruaru","status":"publish","type":"post","link":"https:\/\/blogdoedvaldomagalhaes.com.br\/index.php\/2023\/07\/25\/semana-da-mulher-negra-latino-americana-e-caribenha-acontece-em-caruaru\/","title":{"rendered":"Semana da Mulher Negra Latino-Americana e Caribenha acontece em Caruaru"},"content":{"rendered":"<p style=\"text-align: justify;\"><span style=\"color: initial; font-size: revert;\">A Scretaria de Pol\u00edticas para Mulheres (SPM), realiza a Semana da Mulher Negra Latino-Americana e Caribenha, acontece a partir desta ter\u00e7a-feira (25) e segue at\u00e9 sexta-feira (28). Com o tema: \u201cUnidas na Cultura, Fortalecidas na Luta!\u201d, a programa\u00e7\u00e3o ser\u00e1 iniciada nesta ter\u00e7a-feira (25), comemorado o Dia Internacional da Mulher Negra, Latino-Americana e Caribenha, \u00e0s 10h, com a Feira da Mulher Empreendedora Negra, no 3\u00ba piso do Shopping Difusora, que permanecer\u00e1 at\u00e9 o dia 28.<\/span><\/p>\n<p style=\"text-align: justify;\">A abertura oficial da Semana da Mulher Negra Latino-Americana e Caribenha ser\u00e1 \u00e0s 19h, no Teatro Difusora, com um momento cultural aberto ao p\u00fablico. Dan\u00e7a, poesia, m\u00fasica, al\u00e9m de momentos de di\u00e1logos de combate ao racismo e machismo, far\u00e3o parte do evento, que ser\u00e1 voltado para debater a import\u00e2ncia da negritude na cultura brasileira, com diversas atividades. Entre as pautas est\u00e3o a viol\u00eancia contra a mulher negra, o colorismo e a mulher negra em espa\u00e7os de poder. As atividades ter\u00e3o continuidade na sede da SPM, entre os dias 26 e 28.<\/p>\n<p style=\"text-align: justify;\">Todos os servi\u00e7os oferecidos pela SPM durante a Semana da Mulher Negra Latino-Americana e Caribenha ser\u00e3o gratuitos, abertos ao p\u00fablico e com vagas limitadas. Para participar, a interessada deve acessar o link (https:\/\/linktr.ee\/spmcaruaru ) e realizar a inscri\u00e7\u00e3o para a atividade escolhida.<\/p>\n<p style=\"text-align: justify;\">A Secretaria de Pol\u00edticas para Mulheres (SPM) fica na Rua dos Expedicion\u00e1rios, 30, Centro. Outras informa\u00e7\u00f5es: (81) 9.8384-2954.<\/p>\n<p style=\"text-align: justify;\"><strong>Mulheres Negras Latinas<\/strong><\/p>\n<p style=\"text-align: justify;\">O primeiro encontro entre Mulheres Negras Latinas, aconteceu em 25 de julho de 1992, com o intuito de trazer visibilidade e combater o racismo e o machismo que as mulheres negras enfrentam diariamente. Essa data ficou institu\u00edda no Brasil em homenagem a Teresa de Benguela, mulher negra, que lutou pela resist\u00eancia ao governo escravista e liderou o quilombo de Quariter\u00ea durante 20 anos.<\/p>\n<p style=\"text-align: justify;\"><strong>Programa\u00e7\u00e3o:<\/strong><\/p>\n<p style=\"text-align: justify;\">_Semana de 25 \u00e0 28 de julho_<br \/>\nFeira da Mulher Empreendedora Negra<br \/>\nLocal: Shopping Difusora (3\u00ba piso)<br \/>\nHor\u00e1rio: Das 10h \u00e0s 22h<br \/>\nPrograma\u00e7\u00e3o: comercializa\u00e7\u00e3o de produtos das mulheres empreendedoras com barraquinhas tem\u00e1ticas.<\/p>\n<p style=\"text-align: justify;\">_Ter\u00e7a-feira (25) &#8211; Dia Internacional da Mulher Negra, Latino-Americana e Caribenha\/ Dia Laranja de Enfrentamento \u00e0 Viol\u00eancia contra a Mulher_<br \/>\nMomento Cultural de Abertura<br \/>\nLocal: Teatro Difusora<br \/>\nHor\u00e1rio: 19h<\/p>\n<p style=\"text-align: justify;\">_Programa\u00e7\u00e3o:_<br \/>\nAbertura &#8211; Fala em alus\u00e3o a Semana da Mulher Negra Latino-Americana e Caribenha, com F\u00e1thyla M\u00e9lo; Apresenta\u00e7\u00e3o de dan\u00e7a (Grupo ORI); Declama\u00e7\u00e3o de<br \/>\nPoesia, com Manu Monteiro.<\/p>\n<p style=\"text-align: justify;\">Apresenta\u00e7\u00e3o de Dan\u00e7a, com o grupo P\u00e9rolas Negras; Fala sobre a luta antirracista, com Tamyres Silva; Apresenta\u00e7\u00e3o de dan\u00e7a, com o grupo Juventude Vitalina; Fala sobre racismo religioso, com Rose de Oxum; e apresenta\u00e7\u00e3o musical e do Projeto Afrobetizando, com Chris Mendes.<\/p>\n<p style=\"text-align: justify;\">_Quarta-feira (26)_<br \/>\nOficina de Maquiagem para Pele Negra<br \/>\nLocal: Audit\u00f3rio Antonieta de Barros (SPM)<br \/>\nHor\u00e1rio: 14h \u00e0s 16h<br \/>\n_Programa\u00e7\u00e3o:_ A oficina visa falar sobre a pele negra e o colorismo por meio do ensino da automaquiagem.<br \/>\n20 vagas<\/p>\n<p style=\"text-align: justify;\">_Quinta-feira (27)_<br \/>\nOficina de Percuss\u00e3o<br \/>\nLocal: Audit\u00f3rio Antonieta de Barros (SPM)<br \/>\nHor\u00e1rio: 9h \u00e0s 11h<br \/>\n_Programa\u00e7\u00e3o:_ A oficina tem o intuito de mostrar a influ\u00eancia dos instrumentos musicais da cultura negra na constitui\u00e7\u00e3o do mercado musical e nos diversos g\u00eaneros da m\u00fasica no Brasil.<\/p>\n<p style=\"text-align: justify;\">Palestra sobre Empreendedorismo Feminino<br \/>\nLocal: Audit\u00f3rio Antonieta de Barros (SPM)<br \/>\nHor\u00e1rio: 14h \u00e0s 16h<br \/>\n_Programa\u00e7\u00e3o:_ A palestra ser\u00e1 realizada pelo Instituto Negra Linda, com intuito de promover o debate sobre empreendedorismo feminino, bem como a busca do fortalecimento da mulher negra, de comunidades perif\u00e9ricas e quilombolas.<\/p>\n<p style=\"text-align: justify;\">_Sexta-feira (28)_<br \/>\nPalestra: Mulher Negra em Espa\u00e7os de Poder<br \/>\nLocal: Audit\u00f3rio Antonieta de Barros (SPM)<br \/>\nHor\u00e1rio: 14h \u00e0s 16h<br \/>\n_Programa\u00e7\u00e3o:_ Debater sobre o racismo institucional e a mulher negra em espa\u00e7os de poder.<br \/>\nConvidadas: Lucimary Passos, Renata Santos e Josivane Silva.<\/p>\n<p style=\"text-align: justify;\">Siga o Instagram e comente @blogdoedvaldomagalhaes<\/p>\n<p style=\"text-align: justify;\">Se inscreva no canal do Blog no You Tube<\/p>\n","protected":false},"excerpt":{"rendered":"<p>A Scretaria de Pol\u00edticas para Mulheres (SPM), realiza a Semana da Mulher Negra Latino-Americana e Caribenha, acontece a partir desta&hellip;<\/p>\n","protected":false},"author":1,"featured_media":98930,"comment_status":"closed","ping_status":"open","sticky":false,"template":"","format":"standard","meta":{"footnotes":""},"categories":[14120],"tags":[2,19532,3406,28122],"class_list":["post-98927","post","type-post","status-publish","format-standard","has-post-thumbnail","hentry","category-noticias","tag-blog-do-edvaldo-magalhaes","tag-blog-mais-acessado-e-visualizado-de-caruaru-e-regiao","tag-caruaru","tag-semana-da-mulher-negra-latino-americana-e-caribenha-acontece-em-caruaru"],"_links":{"self":[{"href":"https:\/\/blogdoedvaldomagalhaes.com.br\/index.php\/wp-json\/wp\/v2\/posts\/98927","targetHints":{"allow":["GET"]}}],"collection":[{"href":"https:\/\/blogdoedvaldomagalhaes.com.br\/index.php\/wp-json\/wp\/v2\/posts"}],"about":[{"href":"https:\/\/blogdoedvaldomagalhaes.com.br\/index.php\/wp-json\/wp\/v2\/types\/post"}],"author":[{"embeddable":true,"href":"https:\/\/blogdoedvaldomagalhaes.com.br\/index.php\/wp-json\/wp\/v2\/users\/1"}],"replies":[{"embeddable":true,"href":"https:\/\/blogdoedvaldomagalhaes.com.br\/index.php\/wp-json\/wp\/v2\/comments?post=98927"}],"version-history":[{"count":1,"href":"https:\/\/blogdoedvaldomagalhaes.com.br\/index.php\/wp-json\/wp\/v2\/posts\/98927\/revisions"}],"predecessor-version":[{"id":98928,"href":"https:\/\/blogdoedvaldomagalhaes.com.br\/index.php\/wp-json\/wp\/v2\/posts\/98927\/revisions\/98928"}],"wp:featuredmedia":[{"embeddable":true,"href":"https:\/\/blogdoedvaldomagalhaes.com.br\/index.php\/wp-json\/wp\/v2\/media\/98930"}],"wp:attachment":[{"href":"https:\/\/blogdoedvaldomagalhaes.com.br\/index.php\/wp-json\/wp\/v2\/media?parent=98927"}],"wp:term":[{"taxonomy":"category","embeddable":true,"href":"https:\/\/blogdoedvaldomagalhaes.com.br\/index.php\/wp-json\/wp\/v2\/categories?post=98927"},{"taxonomy":"post_tag","embeddable":true,"href":"https:\/\/blogdoedvaldomagalhaes.com.br\/index.php\/wp-json\/wp\/v2\/tags?post=98927"}],"curies":[{"name":"wp","href":"https:\/\/api.w.org\/{rel}","templated":true}]}}