{"id":98924,"date":"2023-07-25T09:59:41","date_gmt":"2023-07-25T12:59:41","guid":{"rendered":"https:\/\/blogdoedvaldomagalhaes.com.br\/?p=98924"},"modified":"2023-07-25T09:59:42","modified_gmt":"2023-07-25T12:59:42","slug":"pm-recupera-veiculo-roubado-em-caruaru-e-assaltante-foge","status":"publish","type":"post","link":"https:\/\/blogdoedvaldomagalhaes.com.br\/index.php\/2023\/07\/25\/pm-recupera-veiculo-roubado-em-caruaru-e-assaltante-foge\/","title":{"rendered":"PM recupera ve\u00edculo roubado em Caruaru e assaltante foge"},"content":{"rendered":"<p style=\"text-align: justify;\"><span style=\"color: initial; font-size: revert;\">Policiais militares do Regimento de Pol\u00edcia Montada (RPMon) recuperaram um carro roubado, no final da noite de segunda-feira (24\/07), em Caruaru. O efetivo fazia rondas na Estrada da Mani\u00e7oba, quando se deparou com uma Toyota\/Bandeirante, que vinha em alta velocidade e por pouco n\u00e3o colidiu com a viatura.<\/span><\/p>\n<p style=\"text-align: justify;\">Foi feito o acompanhamento e, ap\u00f3s cerca de 500 metros, o suspeito abandonou o ve\u00edculo e empreendeu fuga pela vegeta\u00e7\u00e3o ao redor. Apesar dos esfor\u00e7os, o homem n\u00e3o foi localizado.<\/p>\n<p style=\"text-align: justify;\">Foi descoberto que o carro havia sido tomado de assalto, minutos antes, no S\u00edtio Japecanga. Durante revista em seu interior, foram encontrados uma espingarda calibre .28 com uma muni\u00e7\u00e3o deflagrada e um fac\u00e3o, armas utilizadas durante o roubo.<\/p>\n<p style=\"text-align: justify;\">Diante dos fatos, a v\u00edtima e os materiais apreendidos foram apresentados na Delegacia de Plant\u00e3o, para ado\u00e7\u00e3o das provid\u00eancias legais cab\u00edveis. Foto: Divulga\u00e7\u00e3o\/PMPE.<\/p>\n<p style=\"text-align: justify;\">Se inscreva no canal do Blog no You Tube<\/p>\n<p style=\"text-align: justify;\">Siga o Instagram e comente @blogdoedvaldomagalhaes<\/p>\n","protected":false},"excerpt":{"rendered":"<p>Policiais militares do Regimento de Pol\u00edcia Montada (RPMon) recuperaram um carro roubado, no final da noite de segunda-feira (24\/07), em&hellip;<\/p>\n","protected":false},"author":1,"featured_media":98925,"comment_status":"closed","ping_status":"open","sticky":false,"template":"","format":"standard","meta":{"footnotes":""},"categories":[14121],"tags":[2,19532,3406,28121],"class_list":["post-98924","post","type-post","status-publish","format-standard","has-post-thumbnail","hentry","category-policial","tag-blog-do-edvaldo-magalhaes","tag-blog-mais-acessado-e-visualizado-de-caruaru-e-regiao","tag-caruaru","tag-pm-recupera-veiculo-roubado-em-caruaru-e-assaltante-foge"],"_links":{"self":[{"href":"https:\/\/blogdoedvaldomagalhaes.com.br\/index.php\/wp-json\/wp\/v2\/posts\/98924","targetHints":{"allow":["GET"]}}],"collection":[{"href":"https:\/\/blogdoedvaldomagalhaes.com.br\/index.php\/wp-json\/wp\/v2\/posts"}],"about":[{"href":"https:\/\/blogdoedvaldomagalhaes.com.br\/index.php\/wp-json\/wp\/v2\/types\/post"}],"author":[{"embeddable":true,"href":"https:\/\/blogdoedvaldomagalhaes.com.br\/index.php\/wp-json\/wp\/v2\/users\/1"}],"replies":[{"embeddable":true,"href":"https:\/\/blogdoedvaldomagalhaes.com.br\/index.php\/wp-json\/wp\/v2\/comments?post=98924"}],"version-history":[{"count":1,"href":"https:\/\/blogdoedvaldomagalhaes.com.br\/index.php\/wp-json\/wp\/v2\/posts\/98924\/revisions"}],"predecessor-version":[{"id":98926,"href":"https:\/\/blogdoedvaldomagalhaes.com.br\/index.php\/wp-json\/wp\/v2\/posts\/98924\/revisions\/98926"}],"wp:featuredmedia":[{"embeddable":true,"href":"https:\/\/blogdoedvaldomagalhaes.com.br\/index.php\/wp-json\/wp\/v2\/media\/98925"}],"wp:attachment":[{"href":"https:\/\/blogdoedvaldomagalhaes.com.br\/index.php\/wp-json\/wp\/v2\/media?parent=98924"}],"wp:term":[{"taxonomy":"category","embeddable":true,"href":"https:\/\/blogdoedvaldomagalhaes.com.br\/index.php\/wp-json\/wp\/v2\/categories?post=98924"},{"taxonomy":"post_tag","embeddable":true,"href":"https:\/\/blogdoedvaldomagalhaes.com.br\/index.php\/wp-json\/wp\/v2\/tags?post=98924"}],"curies":[{"name":"wp","href":"https:\/\/api.w.org\/{rel}","templated":true}]}}