{"id":98918,"date":"2023-07-25T08:53:17","date_gmt":"2023-07-25T11:53:17","guid":{"rendered":"https:\/\/blogdoedvaldomagalhaes.com.br\/?p=98918"},"modified":"2023-07-25T08:53:18","modified_gmt":"2023-07-25T11:53:18","slug":"trio-e-preso-por-trafico-de-drogas","status":"publish","type":"post","link":"https:\/\/blogdoedvaldomagalhaes.com.br\/index.php\/2023\/07\/25\/trio-e-preso-por-trafico-de-drogas\/","title":{"rendered":"Trio \u00e9 preso por tr\u00e1fico de drogas"},"content":{"rendered":"<p style=\"text-align: justify;\"><span style=\"color: initial; font-size: revert;\">Policiais militares do Batalh\u00e3o de Radiopatrulha (BPRp) prenderam tr\u00eas homens por tr\u00e1fico de drogas, segunda-feira (24\/07), no Jardim Jord\u00e3o, em Jaboat\u00e3o dos Guararapes. A equipe realizava patrulhamento na comunidade quando recebeu informa\u00e7\u00f5es sobre com\u00e9rcio de entorpecentes na comunidade, fez a checagem e confirmou a den\u00fancia.<\/span><\/p>\n<p style=\"text-align: justify;\">Ao chegar no local, o efetivo notou o trio tentando fugir, mas foi feito o acompanhamento e a captura. Com os suspeitos foi encontrada certa quantidade de maconha e, questionados sobre o restante do material, acabaram revelando que estava escondido, enterrado em um terreno baldio pr\u00f3ximo.<\/p>\n<p style=\"text-align: justify;\">O policiamento seguiu at\u00e9 o ponto indicado, encontrando aproximadamente quatro quilos da mesma droga, al\u00e9m de duas balan\u00e7as de precis\u00e3o. Diante dos fatos, a ocorr\u00eancia foi encaminhada para a Pol\u00edcia Civil adotar as medidas legais cab\u00edveis. Foto: Divulga\u00e7\u00e3o\/PMPE.<\/p>\n<p style=\"text-align: justify;\">Se inscreva no canal do Blog no You Tube<\/p>\n<p style=\"text-align: justify;\">Siga o Instagram @blogdoedvaldomagalhaes<\/p>\n","protected":false},"excerpt":{"rendered":"<p>Policiais militares do Batalh\u00e3o de Radiopatrulha (BPRp) prenderam tr\u00eas homens por tr\u00e1fico de drogas, segunda-feira (24\/07), no Jardim Jord\u00e3o, em&hellip;<\/p>\n","protected":false},"author":1,"featured_media":98919,"comment_status":"closed","ping_status":"open","sticky":false,"template":"","format":"standard","meta":{"footnotes":""},"categories":[14121],"tags":[2,19532,3406,7277,28119],"class_list":["post-98918","post","type-post","status-publish","format-standard","has-post-thumbnail","hentry","category-policial","tag-blog-do-edvaldo-magalhaes","tag-blog-mais-acessado-e-visualizado-de-caruaru-e-regiao","tag-caruaru","tag-jaboatao-dos-guararapes","tag-trio-e-preso-por-trafico-de-drogas"],"_links":{"self":[{"href":"https:\/\/blogdoedvaldomagalhaes.com.br\/index.php\/wp-json\/wp\/v2\/posts\/98918","targetHints":{"allow":["GET"]}}],"collection":[{"href":"https:\/\/blogdoedvaldomagalhaes.com.br\/index.php\/wp-json\/wp\/v2\/posts"}],"about":[{"href":"https:\/\/blogdoedvaldomagalhaes.com.br\/index.php\/wp-json\/wp\/v2\/types\/post"}],"author":[{"embeddable":true,"href":"https:\/\/blogdoedvaldomagalhaes.com.br\/index.php\/wp-json\/wp\/v2\/users\/1"}],"replies":[{"embeddable":true,"href":"https:\/\/blogdoedvaldomagalhaes.com.br\/index.php\/wp-json\/wp\/v2\/comments?post=98918"}],"version-history":[{"count":1,"href":"https:\/\/blogdoedvaldomagalhaes.com.br\/index.php\/wp-json\/wp\/v2\/posts\/98918\/revisions"}],"predecessor-version":[{"id":98920,"href":"https:\/\/blogdoedvaldomagalhaes.com.br\/index.php\/wp-json\/wp\/v2\/posts\/98918\/revisions\/98920"}],"wp:featuredmedia":[{"embeddable":true,"href":"https:\/\/blogdoedvaldomagalhaes.com.br\/index.php\/wp-json\/wp\/v2\/media\/98919"}],"wp:attachment":[{"href":"https:\/\/blogdoedvaldomagalhaes.com.br\/index.php\/wp-json\/wp\/v2\/media?parent=98918"}],"wp:term":[{"taxonomy":"category","embeddable":true,"href":"https:\/\/blogdoedvaldomagalhaes.com.br\/index.php\/wp-json\/wp\/v2\/categories?post=98918"},{"taxonomy":"post_tag","embeddable":true,"href":"https:\/\/blogdoedvaldomagalhaes.com.br\/index.php\/wp-json\/wp\/v2\/tags?post=98918"}],"curies":[{"name":"wp","href":"https:\/\/api.w.org\/{rel}","templated":true}]}}