{"id":98674,"date":"2023-07-17T10:23:02","date_gmt":"2023-07-17T13:23:02","guid":{"rendered":"https:\/\/blogdoedvaldomagalhaes.com.br\/?p=98674"},"modified":"2023-07-17T10:23:03","modified_gmt":"2023-07-17T13:23:03","slug":"homem-com-tornozeleira-volta-a-ser-preso-por-trafico-de-drogas","status":"publish","type":"post","link":"https:\/\/blogdoedvaldomagalhaes.com.br\/index.php\/2023\/07\/17\/homem-com-tornozeleira-volta-a-ser-preso-por-trafico-de-drogas\/","title":{"rendered":"Homem com tornozeleira volta a ser preso por tr\u00e1fico de drogas"},"content":{"rendered":"<p style=\"text-align: justify;\"><span style=\"color: initial; font-size: revert;\">Um homem usando tornozeleira eletr\u00f4nica voltou a ser preso, no domingo (16\/07), por policiais militares do 11\u00ba BPM. O efetivo fazia rondas no bairro de Dois Unidos, quando visualizou e abordou o suspeito na Rua Jo\u00e3o Cavalcanti Petribu.<\/span><\/p>\n<p style=\"text-align: justify;\">Com ele foram encontrados 838g de maconha, 154g de crack, 47g de coca\u00edna, um celular, duas balan\u00e7as de precis\u00e3o e R$ 75,00 em esp\u00e9cie. Diante dos fatos, o envolvido foi apresentado, juntamente com o material apreendido, na Central de Plant\u00f5es da Capital, para ado\u00e7\u00e3o das medidas cab\u00edveis. Foto: Divulga\u00e7\u00e3o\/PMPE<\/p>\n<p>Se inscreva no canal do Blog You Tube<\/p>\n<p style=\"text-align: justify;\">Siga o Instagram @blogdoedvaldomagalhaes<\/p>\n","protected":false},"excerpt":{"rendered":"<p>Um homem usando tornozeleira eletr\u00f4nica voltou a ser preso, no domingo (16\/07), por policiais militares do 11\u00ba BPM. O efetivo&hellip;<\/p>\n","protected":false},"author":1,"featured_media":98675,"comment_status":"closed","ping_status":"open","sticky":false,"template":"","format":"standard","meta":{"footnotes":""},"categories":[14121],"tags":[2,19532,3406,28061],"class_list":["post-98674","post","type-post","status-publish","format-standard","has-post-thumbnail","hentry","category-policial","tag-blog-do-edvaldo-magalhaes","tag-blog-mais-acessado-e-visualizado-de-caruaru-e-regiao","tag-caruaru","tag-homem-com-tornozeleira-volta-a-ser-preso-por-trafico-de-drogas"],"_links":{"self":[{"href":"https:\/\/blogdoedvaldomagalhaes.com.br\/index.php\/wp-json\/wp\/v2\/posts\/98674","targetHints":{"allow":["GET"]}}],"collection":[{"href":"https:\/\/blogdoedvaldomagalhaes.com.br\/index.php\/wp-json\/wp\/v2\/posts"}],"about":[{"href":"https:\/\/blogdoedvaldomagalhaes.com.br\/index.php\/wp-json\/wp\/v2\/types\/post"}],"author":[{"embeddable":true,"href":"https:\/\/blogdoedvaldomagalhaes.com.br\/index.php\/wp-json\/wp\/v2\/users\/1"}],"replies":[{"embeddable":true,"href":"https:\/\/blogdoedvaldomagalhaes.com.br\/index.php\/wp-json\/wp\/v2\/comments?post=98674"}],"version-history":[{"count":1,"href":"https:\/\/blogdoedvaldomagalhaes.com.br\/index.php\/wp-json\/wp\/v2\/posts\/98674\/revisions"}],"predecessor-version":[{"id":98676,"href":"https:\/\/blogdoedvaldomagalhaes.com.br\/index.php\/wp-json\/wp\/v2\/posts\/98674\/revisions\/98676"}],"wp:featuredmedia":[{"embeddable":true,"href":"https:\/\/blogdoedvaldomagalhaes.com.br\/index.php\/wp-json\/wp\/v2\/media\/98675"}],"wp:attachment":[{"href":"https:\/\/blogdoedvaldomagalhaes.com.br\/index.php\/wp-json\/wp\/v2\/media?parent=98674"}],"wp:term":[{"taxonomy":"category","embeddable":true,"href":"https:\/\/blogdoedvaldomagalhaes.com.br\/index.php\/wp-json\/wp\/v2\/categories?post=98674"},{"taxonomy":"post_tag","embeddable":true,"href":"https:\/\/blogdoedvaldomagalhaes.com.br\/index.php\/wp-json\/wp\/v2\/tags?post=98674"}],"curies":[{"name":"wp","href":"https:\/\/api.w.org\/{rel}","templated":true}]}}