{"id":98671,"date":"2023-07-17T09:11:55","date_gmt":"2023-07-17T12:11:55","guid":{"rendered":"https:\/\/blogdoedvaldomagalhaes.com.br\/?p=98671"},"modified":"2023-07-17T12:32:11","modified_gmt":"2023-07-17T15:32:11","slug":"motorista-morre-e-tres-pessoas-ficam-feridas-apos-colisao-frontal-na-br-232","status":"publish","type":"post","link":"https:\/\/blogdoedvaldomagalhaes.com.br\/index.php\/2023\/07\/17\/motorista-morre-e-tres-pessoas-ficam-feridas-apos-colisao-frontal-na-br-232\/","title":{"rendered":"Motorista morre e tr\u00eas pessoas ficam feridas, ap\u00f3s colis\u00e3o frontal na BR 232"},"content":{"rendered":"<p style=\"text-align: justify;\">A PRF foi acionada, por volta das 21h45 deste domingo (16.07), para atendimento a um sinistro de tr\u00e2nsito no km 185 da BR-232, em Belo Jardim. Sinistro do tipo colis\u00e3o frontal envolvendo um Fiat\/Strada e um Siena. Duas pessoas estavam na Strada cujo motorista se feriu gravemente. No Siena viajavam quatro pessoas; o motorista morreu no local, dois homens tiveram les\u00f5es graves e uma mulher saiu ilesa.<\/p>\n<p style=\"text-align: justify;\">Jos\u00e9 Alvani de Almeida, de 64 anos, conduzia um Fiat Siena, quando tentou fazer uma ultrapassagem e colidiu em uma picape Fiat Strada,\u00a0n\u00e3o resistiu aos ferimentos e morreu no local.\u00a0A PRF, a Pol\u00edcia Civil e a Pol\u00edcia Cient\u00edfica estiveram no local, o corpo foi encaminhado para o Instituto de Medicina Legal (IML) de Caruaru.\u00a0<span style=\"font-size: revert; text-align: justify;\">Foto: Divulga\u00e7\u00e3o\/PRF.<\/span><\/p>\n<p style=\"text-align: justify;\">Se inscreva no canal do Blog no You Tube<\/p>\n<p style=\"text-align: justify;\">Siga o Instagram @blogdoedvaldomagalhaes<\/p>\n","protected":false},"excerpt":{"rendered":"<p>A PRF foi acionada, por volta das 21h45 deste domingo (16.07), para atendimento a um sinistro de tr\u00e2nsito no km&hellip;<\/p>\n","protected":false},"author":1,"featured_media":98672,"comment_status":"closed","ping_status":"open","sticky":false,"template":"","format":"standard","meta":{"footnotes":""},"categories":[14120],"tags":[2,19532,3406,28060],"class_list":["post-98671","post","type-post","status-publish","format-standard","has-post-thumbnail","hentry","category-noticias","tag-blog-do-edvaldo-magalhaes","tag-blog-mais-acessado-e-visualizado-de-caruaru-e-regiao","tag-caruaru","tag-motorista-morre-e-tres-pessoas-ficam-feridas-apos-colisao-frontal-na-br-232"],"_links":{"self":[{"href":"https:\/\/blogdoedvaldomagalhaes.com.br\/index.php\/wp-json\/wp\/v2\/posts\/98671","targetHints":{"allow":["GET"]}}],"collection":[{"href":"https:\/\/blogdoedvaldomagalhaes.com.br\/index.php\/wp-json\/wp\/v2\/posts"}],"about":[{"href":"https:\/\/blogdoedvaldomagalhaes.com.br\/index.php\/wp-json\/wp\/v2\/types\/post"}],"author":[{"embeddable":true,"href":"https:\/\/blogdoedvaldomagalhaes.com.br\/index.php\/wp-json\/wp\/v2\/users\/1"}],"replies":[{"embeddable":true,"href":"https:\/\/blogdoedvaldomagalhaes.com.br\/index.php\/wp-json\/wp\/v2\/comments?post=98671"}],"version-history":[{"count":2,"href":"https:\/\/blogdoedvaldomagalhaes.com.br\/index.php\/wp-json\/wp\/v2\/posts\/98671\/revisions"}],"predecessor-version":[{"id":98678,"href":"https:\/\/blogdoedvaldomagalhaes.com.br\/index.php\/wp-json\/wp\/v2\/posts\/98671\/revisions\/98678"}],"wp:featuredmedia":[{"embeddable":true,"href":"https:\/\/blogdoedvaldomagalhaes.com.br\/index.php\/wp-json\/wp\/v2\/media\/98672"}],"wp:attachment":[{"href":"https:\/\/blogdoedvaldomagalhaes.com.br\/index.php\/wp-json\/wp\/v2\/media?parent=98671"}],"wp:term":[{"taxonomy":"category","embeddable":true,"href":"https:\/\/blogdoedvaldomagalhaes.com.br\/index.php\/wp-json\/wp\/v2\/categories?post=98671"},{"taxonomy":"post_tag","embeddable":true,"href":"https:\/\/blogdoedvaldomagalhaes.com.br\/index.php\/wp-json\/wp\/v2\/tags?post=98671"}],"curies":[{"name":"wp","href":"https:\/\/api.w.org\/{rel}","templated":true}]}}