{"id":98658,"date":"2023-07-16T15:47:50","date_gmt":"2023-07-16T18:47:50","guid":{"rendered":"https:\/\/blogdoedvaldomagalhaes.com.br\/?p=98658"},"modified":"2023-07-16T15:47:51","modified_gmt":"2023-07-16T18:47:51","slug":"pm-apreende-armas-e-prende-tres-suspeitos","status":"publish","type":"post","link":"https:\/\/blogdoedvaldomagalhaes.com.br\/index.php\/2023\/07\/16\/pm-apreende-armas-e-prende-tres-suspeitos\/","title":{"rendered":"PM apreende armas e prende tr\u00eas suspeitos"},"content":{"rendered":"<p style=\"text-align: justify;\"><span style=\"font-size: revert; color: initial;\">No s\u00e1bado (15), policiais militares do 6\u00ba BPM foram acionados pela Central para averiguar disparos de arma de fogo na Rua Ararena, em Comportas. Ao chegarem no local, os policiais se depararam com um indiv\u00edduo portando uma arma de fogo em via p\u00fablica. Ao notar a aproxima\u00e7\u00e3o das equipes, o mesmo tentou fugir e entrou em um terreno utilizado como dep\u00f3sito de reciclagem. A equipe policial o acompanhou e conseguiu alcan\u00e7\u00e1-lo dentro do terreno, onde foi realizada a abordagem.<\/span><\/p>\n<p style=\"text-align: justify;\">Durante a busca pessoal, foi encontrado com ele, um rev\u00f3lver calibre .38, edi\u00e7\u00e3o especial, contendo tr\u00eas muni\u00e7\u00f5es deflagradas em sua cintura. Al\u00e9m disso, no mesmo local estavam presentes outros dois indiv\u00edduos. Pr\u00f3ximo a eles, foram encontrados mais itens il\u00edcitos, incluindo um rev\u00f3lver calibre .38 desmuniciado, um simulacro de pistola, parte de um simulacro de metralhadora, cinco muni\u00e7\u00f5es calibre .380 intactas, duas facas e uma camisa preta com a logomarca do sistema penitenci\u00e1rio. Os tr\u00eas indiv\u00edduos, juntamente com todo o material apreendido, foram detidos e conduzidos \u00e0 Delegacia de Plant\u00e3o de Prazeres para as devidas provid\u00eancias legais. Foto: Divulga\u00e7\u00e3o\/PMPE.<\/p>\n<p style=\"text-align: justify;\">Se inscreva no canal do Blog no You Tube<\/p>\n<p style=\"text-align: justify;\">Siga o Instagram do Blog @blogdoedvaldomagalhaes<\/p>\n","protected":false},"excerpt":{"rendered":"<p>No s\u00e1bado (15), policiais militares do 6\u00ba BPM foram acionados pela Central para averiguar disparos de arma de fogo na&hellip;<\/p>\n","protected":false},"author":1,"featured_media":98659,"comment_status":"closed","ping_status":"open","sticky":false,"template":"","format":"standard","meta":{"footnotes":""},"categories":[14121],"tags":[2,19532,3406,28057],"class_list":["post-98658","post","type-post","status-publish","format-standard","has-post-thumbnail","hentry","category-policial","tag-blog-do-edvaldo-magalhaes","tag-blog-mais-acessado-e-visualizado-de-caruaru-e-regiao","tag-caruaru","tag-pm-apreende-armas-e-prende-tres-suspeitos"],"_links":{"self":[{"href":"https:\/\/blogdoedvaldomagalhaes.com.br\/index.php\/wp-json\/wp\/v2\/posts\/98658","targetHints":{"allow":["GET"]}}],"collection":[{"href":"https:\/\/blogdoedvaldomagalhaes.com.br\/index.php\/wp-json\/wp\/v2\/posts"}],"about":[{"href":"https:\/\/blogdoedvaldomagalhaes.com.br\/index.php\/wp-json\/wp\/v2\/types\/post"}],"author":[{"embeddable":true,"href":"https:\/\/blogdoedvaldomagalhaes.com.br\/index.php\/wp-json\/wp\/v2\/users\/1"}],"replies":[{"embeddable":true,"href":"https:\/\/blogdoedvaldomagalhaes.com.br\/index.php\/wp-json\/wp\/v2\/comments?post=98658"}],"version-history":[{"count":1,"href":"https:\/\/blogdoedvaldomagalhaes.com.br\/index.php\/wp-json\/wp\/v2\/posts\/98658\/revisions"}],"predecessor-version":[{"id":98660,"href":"https:\/\/blogdoedvaldomagalhaes.com.br\/index.php\/wp-json\/wp\/v2\/posts\/98658\/revisions\/98660"}],"wp:featuredmedia":[{"embeddable":true,"href":"https:\/\/blogdoedvaldomagalhaes.com.br\/index.php\/wp-json\/wp\/v2\/media\/98659"}],"wp:attachment":[{"href":"https:\/\/blogdoedvaldomagalhaes.com.br\/index.php\/wp-json\/wp\/v2\/media?parent=98658"}],"wp:term":[{"taxonomy":"category","embeddable":true,"href":"https:\/\/blogdoedvaldomagalhaes.com.br\/index.php\/wp-json\/wp\/v2\/categories?post=98658"},{"taxonomy":"post_tag","embeddable":true,"href":"https:\/\/blogdoedvaldomagalhaes.com.br\/index.php\/wp-json\/wp\/v2\/tags?post=98658"}],"curies":[{"name":"wp","href":"https:\/\/api.w.org\/{rel}","templated":true}]}}