{"id":98655,"date":"2023-07-16T15:41:18","date_gmt":"2023-07-16T18:41:18","guid":{"rendered":"https:\/\/blogdoedvaldomagalhaes.com.br\/?p=98655"},"modified":"2023-07-16T15:41:19","modified_gmt":"2023-07-16T18:41:19","slug":"pm-apreende-varias-armas-de-fogo","status":"publish","type":"post","link":"https:\/\/blogdoedvaldomagalhaes.com.br\/index.php\/2023\/07\/16\/pm-apreende-varias-armas-de-fogo\/","title":{"rendered":"PM apreende v\u00e1rias armas de fogo"},"content":{"rendered":"<p style=\"text-align: justify;\"><span style=\"font-size: revert; color: initial;\">Na tarde do s\u00e1bado (15), policiais militares do 14\u00baBPM foram informados que pessoas estariam se concentrando para pr\u00e1ticas il\u00edcitas na zona rural de S\u00e3o Jos\u00e9 do Belmonte, em um endere\u00e7o conhecido como de desova de carros roubados e outras pr\u00e1ticas criminosas.<\/span><\/p>\n<p style=\"text-align: justify;\">De imediato, foi feito deslocamento ao local, onde foi necess\u00e1rio progredir a p\u00e9, fazendo incurs\u00e3o na caatinga. Durante o percurso, os policiais avistaram um carro incendiado e, ap\u00f3s progredir cerca de 1,5 km, localizaram uma casa abandonada. Ao adentrar na resid\u00eancia, foi visto alguns gal\u00f5es de \u00f3leo de motor.<\/p>\n<p style=\"text-align: justify;\">Ao verific\u00e1-los, foi percebido que tinha uma lona enterrada no ch\u00e3o e com apenas uma parte vis\u00edvel. Sendo encontrados os seguintes materiais: um fuzil calibre 7,62mm, uma espingarda cal. 12mm, tr\u00eas espingardas artesanais tipo soca soca; &#8211; 07 muni\u00e7\u00f5es cal. 32; nove muni\u00e7\u00f5es cal. 36; trinta e duas muni\u00e7\u00f5es cal. 12; uma redu\u00e7\u00e3o de cal. 12 para 36; um calibrador de cartucho e um cortador de bucha.<\/p>\n<p style=\"text-align: justify;\">Diante do exposto, todo material apreendido foi apresentado na DPC local para as devidas provid\u00eancias cab\u00edveis. Ningu\u00e9m foi detido. Foto: Divulga\u00e7\u00e3o\/PM<\/p>\n<p style=\"text-align: justify;\">Se inscreva no canal do Blog no You Tube<\/p>\n<p style=\"text-align: justify;\">Siga o Instagram @blogdoedvaldomagalhaes<\/p>\n","protected":false},"excerpt":{"rendered":"<p>Na tarde do s\u00e1bado (15), policiais militares do 14\u00baBPM foram informados que pessoas estariam se concentrando para pr\u00e1ticas il\u00edcitas na&hellip;<\/p>\n","protected":false},"author":1,"featured_media":98656,"comment_status":"closed","ping_status":"open","sticky":false,"template":"","format":"standard","meta":{"footnotes":""},"categories":[14121],"tags":[2,19532,3406,28056],"class_list":["post-98655","post","type-post","status-publish","format-standard","has-post-thumbnail","hentry","category-policial","tag-blog-do-edvaldo-magalhaes","tag-blog-mais-acessado-e-visualizado-de-caruaru-e-regiao","tag-caruaru","tag-pm-apreende-varias-armas-de-fogo"],"_links":{"self":[{"href":"https:\/\/blogdoedvaldomagalhaes.com.br\/index.php\/wp-json\/wp\/v2\/posts\/98655","targetHints":{"allow":["GET"]}}],"collection":[{"href":"https:\/\/blogdoedvaldomagalhaes.com.br\/index.php\/wp-json\/wp\/v2\/posts"}],"about":[{"href":"https:\/\/blogdoedvaldomagalhaes.com.br\/index.php\/wp-json\/wp\/v2\/types\/post"}],"author":[{"embeddable":true,"href":"https:\/\/blogdoedvaldomagalhaes.com.br\/index.php\/wp-json\/wp\/v2\/users\/1"}],"replies":[{"embeddable":true,"href":"https:\/\/blogdoedvaldomagalhaes.com.br\/index.php\/wp-json\/wp\/v2\/comments?post=98655"}],"version-history":[{"count":1,"href":"https:\/\/blogdoedvaldomagalhaes.com.br\/index.php\/wp-json\/wp\/v2\/posts\/98655\/revisions"}],"predecessor-version":[{"id":98657,"href":"https:\/\/blogdoedvaldomagalhaes.com.br\/index.php\/wp-json\/wp\/v2\/posts\/98655\/revisions\/98657"}],"wp:featuredmedia":[{"embeddable":true,"href":"https:\/\/blogdoedvaldomagalhaes.com.br\/index.php\/wp-json\/wp\/v2\/media\/98656"}],"wp:attachment":[{"href":"https:\/\/blogdoedvaldomagalhaes.com.br\/index.php\/wp-json\/wp\/v2\/media?parent=98655"}],"wp:term":[{"taxonomy":"category","embeddable":true,"href":"https:\/\/blogdoedvaldomagalhaes.com.br\/index.php\/wp-json\/wp\/v2\/categories?post=98655"},{"taxonomy":"post_tag","embeddable":true,"href":"https:\/\/blogdoedvaldomagalhaes.com.br\/index.php\/wp-json\/wp\/v2\/tags?post=98655"}],"curies":[{"name":"wp","href":"https:\/\/api.w.org\/{rel}","templated":true}]}}